{"id":1474,"date":"2022-11-03T09:07:28","date_gmt":"2022-11-03T08:07:28","guid":{"rendered":"https:\/\/gruene-kreistag-rnk.de\/?p=1474"},"modified":"2022-11-03T09:20:43","modified_gmt":"2022-11-03T08:20:43","slug":"ergaenzung-zur-pressemeldung-des-rhein-neckar-kreises-vom-2-11-zur-naechsten-sitzung-des-umweltausschusses-am-8-11","status":"publish","type":"post","link":"https:\/\/gruene-kreistag-rnk.de\/index.php\/2022\/11\/03\/ergaenzung-zur-pressemeldung-des-rhein-neckar-kreises-vom-2-11-zur-naechsten-sitzung-des-umweltausschusses-am-8-11\/","title":{"rendered":"Erg\u00e4nzung zur Pressemeldung des Rhein-Neckar-Kreises vom 2.11. zur n\u00e4chsten Sitzung des Umweltausschusses am 8.11."},"content":{"rendered":"\n<p>In einer Pressemeldung vom 2.11.2022 k\u00fcndigt der Rhein-Neckar-Kreis die Themen f\u00fcr die kommende Sitzung des Umweltausschusses am Dienstag 8.11. an (Landratsamt am R\u00f6merkreis in Heidelberg, 14:00 Uhr, die \u00d6ffentlichkeit ist ebenfalls willkommen): Unter anderem wird dort die lange erwartete \u201ePotenzialstudie\u201c zu Erneuerbaren Energien im Rhein-Neckar-Kreis vorgestellt. In der Pressemeldung wird auch auf das damit zusammenh\u00e4ngende Ziel des Landkreises verwiesen, eine \u201eweitgehend klimaneutrale Kommunalverwaltung bis 2035\u201c zu erreichen.<\/p>\n\n\n\n<p>So wichtig dieses Vorhaben ist: Die Pressemeldung h\u00e4tte der Vollst\u00e4ndigkeit halber auch erw\u00e4hnen k\u00f6nnen, dass sich der Landkreis mit Beschluss des Kreistags vom Dezember 2021 auch einstimmig das viel weiter reichende Ziel gegeben hat, eine Reduktion der Emissionen im Kreisgebiet insgesamt in \u00dcbereinstimmung mit dem Pariser Klimaschutzabkommen zu erreichen [1]. Die Kreisverwaltung und ihre Gesellschaften machen lediglich 1% des klimarelevanten Geschehens aus. Die restlichen 99% sind Betriebe, Verkehr, Privathaushalte, Landwirtschaft. Und hier entscheidet sich, ob wir auch im Rhein-Neckar-Kreis die dringend n\u00f6tige Wende weg vom derzeitigen, desastr\u00f6sen Kurs schaffen oder nicht.<\/p>\n\n\n\n<p>Denn hier hat gerade der Rhein-Neckar-Kreis derzeit leider gro\u00dfen Nachholbedarf: Aktuelle Zahlen bescheinigen uns hier im Landkreis, bei der Stromerzeugung aus regenerativen Quellen weit hinter dem Bundesdurchschnitt zu liegen. Bei der unverzichtbaren Windenergie sogar nahezu bei null. Mehr dazu hier [2]<\/p>\n\n\n\n<p>Ein wirksames Umsteuern in dieser Frage muss mit der n\u00fcchternen Bestandsaufnahme beginnen: Wo stehen wir? Und dann mit dem konsequenten Verfolgen der einmal gefassten Ziele und Beschl\u00fcsse. \u201eKlimaneutrale Verwaltung\u201c ist sch\u00f6n und gut. Aber so wenig wie Deutschland die Klimakrise wirksam angeht, wenn es alleine das Kanzleramt w\u00e4rmed\u00e4mmt, so wenig werden wir im Rhein-Neckar-Kreis unserer Verantwortung gerecht, wenn wir uns mit einer Energiewende alleine f\u00fcr die Verwaltung zufriedengeben.<\/p>\n\n\n\n<p>Zusammenfassend also: Der Rhein-Neckar-Kreis hat sich im Dezember 2021 das Ziel der Klimaneutralit\u00e4t auf Landkreisebene (nicht nur in der eigenen Verwaltung) in \u00dcbereinstimmung mit dem Pariser Abkommen gegeben und er liegt dabei derzeit nicht gut im Rennen, sondern wir m\u00fcssen nun alle zusammen mehr als nur einen Gang hochschalten. Nur damit dies nicht in Vergessenheit ger\u00e4t, kaum dass es beschlossen und verabschiedet wurde.&nbsp;<\/p>\n\n\n\n<p>Fraktion B\u00fcndnis 90 \/ Die Gr\u00fcnen im Kreistag Rhein-Neckar<\/p>\n\n\n\n<p>[1] Punkt 6.4.2. (Seite 61) in <a href=\"https:\/\/www.rhein-neckar-kreis.de\/site\/Rhein-Neckar-Kreis-2016\/get\/params_E-88989843_Dattachment\/2582902\/Fortschreibung%20Klimaschutzkonzept%20Rhein-Neckar-Kreis.pdf\">https:\/\/www.rhein-neckar-kreis.de\/site\/Rhein-Neckar-Kreis-2016\/get\/params_E-88989843_Dattachment\/2582902\/Fortschreibung%20Klimaschutzkonzept%20Rhein-Neckar-Kreis.pdf<\/a><\/p>\n\n\n\n<p>[2] <a href=\"https:\/\/gruene-kreistag-rnk.de\/index.php\/2022\/07\/27\/nachgezaehlt-energiewende-in-der-region-rhein-neckar-auch-in-2022-weiter-mit-massivem-rueckstand\/\">https:\/\/gruene-kreistag-rnk.de\/index.php\/2022\/07\/27\/nachgezaehlt-energiewende-in-der-region-rhein-neckar-auch-in-2022-weiter-mit-massivem-rueckstand\/<\/a><\/p>\n","protected":false},"excerpt":{"rendered":"<p>In einer Pressemeldung vom 2.11.2022 k\u00fcndigt der Rhein-Neckar-Kreis die Themen f\u00fcr die kommende Sitzung des Umweltausschusses am Dienstag 8.11. an (Landratsamt am R\u00f6merkreis in Heidelberg, 14:00 Uhr, die \u00d6ffentlichkeit ist [&hellip;]<\/p>\n","protected":false},"author":-1,"featured_media":1478,"comment_status":"open","ping_status":"open","sticky":false,"template":"","format":"standard","meta":{"footnotes":""},"categories":[1],"tags":[],"class_list":["post-1474","post","type-post","status-publish","format-standard","has-post-thumbnail","hentry","category-uncategorized"],"yoast_head":"<!-- This site is optimized with the Yoast SEO plugin v27.2 - https:\/\/yoast.com\/product\/yoast-seo-wordpress\/ -->\n<title>Erg\u00e4nzung zur Pressemeldung des Rhein-Neckar-Kreises vom 2.11. zur n\u00e4chsten Sitzung des Umweltausschusses am 8.11. - Gr\u00fcne Kreistagsfraktion Rhein-Neckar<\/title>\n<meta name=\"robots\" content=\"index, follow, max-snippet:-1, max-image-preview:large, max-video-preview:-1\" \/>\n<link rel=\"canonical\" href=\"https:\/\/gruene-kreistag-rnk.de\/index.php\/2022\/11\/03\/ergaenzung-zur-pressemeldung-des-rhein-neckar-kreises-vom-2-11-zur-naechsten-sitzung-des-umweltausschusses-am-8-11\/\" \/>\n<meta property=\"og:locale\" content=\"de_DE\" \/>\n<meta property=\"og:type\" content=\"article\" \/>\n<meta property=\"og:title\" content=\"Erg\u00e4nzung zur Pressemeldung des Rhein-Neckar-Kreises vom 2.11. zur n\u00e4chsten Sitzung des Umweltausschusses am 8.11. - Gr\u00fcne Kreistagsfraktion Rhein-Neckar\" \/>\n<meta property=\"og:description\" content=\"In einer Pressemeldung vom 2.11.2022 k\u00fcndigt der Rhein-Neckar-Kreis die Themen f\u00fcr die kommende Sitzung des Umweltausschusses am Dienstag 8.11. an (Landratsamt am R\u00f6merkreis in Heidelberg, 14:00 Uhr, die \u00d6ffentlichkeit ist [&hellip;]\" \/>\n<meta property=\"og:url\" content=\"https:\/\/gruene-kreistag-rnk.de\/index.php\/2022\/11\/03\/ergaenzung-zur-pressemeldung-des-rhein-neckar-kreises-vom-2-11-zur-naechsten-sitzung-des-umweltausschusses-am-8-11\/\" \/>\n<meta property=\"og:site_name\" content=\"Gr\u00fcne Kreistagsfraktion Rhein-Neckar\" \/>\n<meta property=\"article:published_time\" content=\"2022-11-03T08:07:28+00:00\" \/>\n<meta property=\"article:modified_time\" content=\"2022-11-03T08:20:43+00:00\" \/>\n<meta property=\"og:image\" content=\"https:\/\/gruene-kreistag-rnk.de\/wp-content\/uploads\/2022\/11\/ScreenHunter-1983.png\" \/>\n\t<meta property=\"og:image:width\" content=\"532\" \/>\n\t<meta property=\"og:image:height\" content=\"553\" \/>\n\t<meta property=\"og:image:type\" content=\"image\/png\" \/>\n<meta name=\"author\" content=\"Stefan Gei\u00dfler\" \/>\n<meta name=\"twitter:card\" content=\"summary_large_image\" \/>\n<meta name=\"twitter:label1\" content=\"Verfasst von\" \/>\n\t<meta name=\"twitter:data1\" content=\"Stefan Gei\u00dfler\" \/>\n\t<meta name=\"twitter:label2\" content=\"Gesch\u00e4tzte Lesezeit\" \/>\n\t<meta name=\"twitter:data2\" content=\"2\u00a0Minuten\" \/>\n<script type=\"application\/ld+json\" class=\"yoast-schema-graph\">{\"@context\":\"https:\/\/schema.org\",\"@graph\":[{\"@type\":\"Article\",\"@id\":\"https:\/\/gruene-kreistag-rnk.de\/index.php\/2022\/11\/03\/ergaenzung-zur-pressemeldung-des-rhein-neckar-kreises-vom-2-11-zur-naechsten-sitzung-des-umweltausschusses-am-8-11\/#article\",\"isPartOf\":{\"@id\":\"https:\/\/gruene-kreistag-rnk.de\/index.php\/2022\/11\/03\/ergaenzung-zur-pressemeldung-des-rhein-neckar-kreises-vom-2-11-zur-naechsten-sitzung-des-umweltausschusses-am-8-11\/\"},\"author\":{\"name\":\"Stefan Gei\u00dfler\",\"@id\":\"https:\/\/gruene-kreistag-rnk.de\/#\/schema\/person\/eabf3cb97168ab5316a8e7e901afa20a\"},\"headline\":\"Erg\u00e4nzung zur Pressemeldung des Rhein-Neckar-Kreises vom 2.11. zur n\u00e4chsten Sitzung des Umweltausschusses am 8.11.\",\"datePublished\":\"2022-11-03T08:07:28+00:00\",\"dateModified\":\"2022-11-03T08:20:43+00:00\",\"mainEntityOfPage\":{\"@id\":\"https:\/\/gruene-kreistag-rnk.de\/index.php\/2022\/11\/03\/ergaenzung-zur-pressemeldung-des-rhein-neckar-kreises-vom-2-11-zur-naechsten-sitzung-des-umweltausschusses-am-8-11\/\"},\"wordCount\":388,\"commentCount\":0,\"image\":{\"@id\":\"https:\/\/gruene-kreistag-rnk.de\/index.php\/2022\/11\/03\/ergaenzung-zur-pressemeldung-des-rhein-neckar-kreises-vom-2-11-zur-naechsten-sitzung-des-umweltausschusses-am-8-11\/#primaryimage\"},\"thumbnailUrl\":\"https:\/\/gruene-kreistag-rnk.de\/wp-content\/uploads\/2022\/11\/ScreenHunter-1983.png\",\"articleSection\":[\"Sonstiges\"],\"inLanguage\":\"de\",\"potentialAction\":[{\"@type\":\"CommentAction\",\"name\":\"Comment\",\"target\":[\"https:\/\/gruene-kreistag-rnk.de\/index.php\/2022\/11\/03\/ergaenzung-zur-pressemeldung-des-rhein-neckar-kreises-vom-2-11-zur-naechsten-sitzung-des-umweltausschusses-am-8-11\/#respond\"]}]},{\"@type\":\"WebPage\",\"@id\":\"https:\/\/gruene-kreistag-rnk.de\/index.php\/2022\/11\/03\/ergaenzung-zur-pressemeldung-des-rhein-neckar-kreises-vom-2-11-zur-naechsten-sitzung-des-umweltausschusses-am-8-11\/\",\"url\":\"https:\/\/gruene-kreistag-rnk.de\/index.php\/2022\/11\/03\/ergaenzung-zur-pressemeldung-des-rhein-neckar-kreises-vom-2-11-zur-naechsten-sitzung-des-umweltausschusses-am-8-11\/\",\"name\":\"Erg\u00e4nzung zur Pressemeldung des Rhein-Neckar-Kreises vom 2.11. zur n\u00e4chsten Sitzung des Umweltausschusses am 8.11. - Gr\u00fcne Kreistagsfraktion Rhein-Neckar\",\"isPartOf\":{\"@id\":\"https:\/\/gruene-kreistag-rnk.de\/#website\"},\"primaryImageOfPage\":{\"@id\":\"https:\/\/gruene-kreistag-rnk.de\/index.php\/2022\/11\/03\/ergaenzung-zur-pressemeldung-des-rhein-neckar-kreises-vom-2-11-zur-naechsten-sitzung-des-umweltausschusses-am-8-11\/#primaryimage\"},\"image\":{\"@id\":\"https:\/\/gruene-kreistag-rnk.de\/index.php\/2022\/11\/03\/ergaenzung-zur-pressemeldung-des-rhein-neckar-kreises-vom-2-11-zur-naechsten-sitzung-des-umweltausschusses-am-8-11\/#primaryimage\"},\"thumbnailUrl\":\"https:\/\/gruene-kreistag-rnk.de\/wp-content\/uploads\/2022\/11\/ScreenHunter-1983.png\",\"datePublished\":\"2022-11-03T08:07:28+00:00\",\"dateModified\":\"2022-11-03T08:20:43+00:00\",\"author\":{\"@id\":\"https:\/\/gruene-kreistag-rnk.de\/#\/schema\/person\/eabf3cb97168ab5316a8e7e901afa20a\"},\"breadcrumb\":{\"@id\":\"https:\/\/gruene-kreistag-rnk.de\/index.php\/2022\/11\/03\/ergaenzung-zur-pressemeldung-des-rhein-neckar-kreises-vom-2-11-zur-naechsten-sitzung-des-umweltausschusses-am-8-11\/#breadcrumb\"},\"inLanguage\":\"de\",\"potentialAction\":[{\"@type\":\"ReadAction\",\"target\":[\"https:\/\/gruene-kreistag-rnk.de\/index.php\/2022\/11\/03\/ergaenzung-zur-pressemeldung-des-rhein-neckar-kreises-vom-2-11-zur-naechsten-sitzung-des-umweltausschusses-am-8-11\/\"]}]},{\"@type\":\"ImageObject\",\"inLanguage\":\"de\",\"@id\":\"https:\/\/gruene-kreistag-rnk.de\/index.php\/2022\/11\/03\/ergaenzung-zur-pressemeldung-des-rhein-neckar-kreises-vom-2-11-zur-naechsten-sitzung-des-umweltausschusses-am-8-11\/#primaryimage\",\"url\":\"https:\/\/gruene-kreistag-rnk.de\/wp-content\/uploads\/2022\/11\/ScreenHunter-1983.png\",\"contentUrl\":\"https:\/\/gruene-kreistag-rnk.de\/wp-content\/uploads\/2022\/11\/ScreenHunter-1983.png\",\"width\":532,\"height\":553,\"caption\":\"Wir m\u00fcssen raus aus den fossilen Energien! (Foto Gr\u00fcneNRW auf flickr, CC-ShareAlike 2.0)\"},{\"@type\":\"BreadcrumbList\",\"@id\":\"https:\/\/gruene-kreistag-rnk.de\/index.php\/2022\/11\/03\/ergaenzung-zur-pressemeldung-des-rhein-neckar-kreises-vom-2-11-zur-naechsten-sitzung-des-umweltausschusses-am-8-11\/#breadcrumb\",\"itemListElement\":[{\"@type\":\"ListItem\",\"position\":1,\"name\":\"Startseite\",\"item\":\"https:\/\/gruene-kreistag-rnk.de\/\"},{\"@type\":\"ListItem\",\"position\":2,\"name\":\"Erg\u00e4nzung zur Pressemeldung des Rhein-Neckar-Kreises vom 2.11. zur n\u00e4chsten Sitzung des Umweltausschusses am 8.11.\"}]},{\"@type\":\"WebSite\",\"@id\":\"https:\/\/gruene-kreistag-rnk.de\/#website\",\"url\":\"https:\/\/gruene-kreistag-rnk.de\/\",\"name\":\"Gr\u00fcne Kreistagsfraktion Rhein-Neckar\",\"description\":\"\",\"potentialAction\":[{\"@type\":\"SearchAction\",\"target\":{\"@type\":\"EntryPoint\",\"urlTemplate\":\"https:\/\/gruene-kreistag-rnk.de\/?s={search_term_string}\"},\"query-input\":{\"@type\":\"PropertyValueSpecification\",\"valueRequired\":true,\"valueName\":\"search_term_string\"}}],\"inLanguage\":\"de\"},{\"@type\":\"Person\",\"@id\":\"https:\/\/gruene-kreistag-rnk.de\/#\/schema\/person\/eabf3cb97168ab5316a8e7e901afa20a\",\"name\":\"Stefan Gei\u00dfler\",\"image\":{\"@type\":\"ImageObject\",\"inLanguage\":\"de\",\"@id\":\"https:\/\/secure.gravatar.com\/avatar\/26551b13adeac37998f7b2eb2ada6d7ecf3168b7abc1bc9cc5d42198fd38bd1a?s=96&d=mm&r=g\",\"url\":\"https:\/\/secure.gravatar.com\/avatar\/26551b13adeac37998f7b2eb2ada6d7ecf3168b7abc1bc9cc5d42198fd38bd1a?s=96&d=mm&r=g\",\"contentUrl\":\"https:\/\/secure.gravatar.com\/avatar\/26551b13adeac37998f7b2eb2ada6d7ecf3168b7abc1bc9cc5d42198fd38bd1a?s=96&d=mm&r=g\",\"caption\":\"Stefan Gei\u00dfler\"},\"url\":\"https:\/\/gruene-kreistag-rnk.de\/index.php\/author\/stefan\/\"}]}<\/script>\n<!-- \/ Yoast SEO plugin. -->","yoast_head_json":{"title":"Erg\u00e4nzung zur Pressemeldung des Rhein-Neckar-Kreises vom 2.11. zur n\u00e4chsten Sitzung des Umweltausschusses am 8.11. - Gr\u00fcne Kreistagsfraktion Rhein-Neckar","robots":{"index":"index","follow":"follow","max-snippet":"max-snippet:-1","max-image-preview":"max-image-preview:large","max-video-preview":"max-video-preview:-1"},"canonical":"https:\/\/gruene-kreistag-rnk.de\/index.php\/2022\/11\/03\/ergaenzung-zur-pressemeldung-des-rhein-neckar-kreises-vom-2-11-zur-naechsten-sitzung-des-umweltausschusses-am-8-11\/","og_locale":"de_DE","og_type":"article","og_title":"Erg\u00e4nzung zur Pressemeldung des Rhein-Neckar-Kreises vom 2.11. zur n\u00e4chsten Sitzung des Umweltausschusses am 8.11. - Gr\u00fcne Kreistagsfraktion Rhein-Neckar","og_description":"In einer Pressemeldung vom 2.11.2022 k\u00fcndigt der Rhein-Neckar-Kreis die Themen f\u00fcr die kommende Sitzung des Umweltausschusses am Dienstag 8.11. an (Landratsamt am R\u00f6merkreis in Heidelberg, 14:00 Uhr, die \u00d6ffentlichkeit ist [&hellip;]","og_url":"https:\/\/gruene-kreistag-rnk.de\/index.php\/2022\/11\/03\/ergaenzung-zur-pressemeldung-des-rhein-neckar-kreises-vom-2-11-zur-naechsten-sitzung-des-umweltausschusses-am-8-11\/","og_site_name":"Gr\u00fcne Kreistagsfraktion Rhein-Neckar","article_published_time":"2022-11-03T08:07:28+00:00","article_modified_time":"2022-11-03T08:20:43+00:00","og_image":[{"width":532,"height":553,"url":"https:\/\/gruene-kreistag-rnk.de\/wp-content\/uploads\/2022\/11\/ScreenHunter-1983.png","type":"image\/png"}],"author":"Stefan Gei\u00dfler","twitter_card":"summary_large_image","twitter_misc":{"Verfasst von":"Stefan Gei\u00dfler","Gesch\u00e4tzte Lesezeit":"2\u00a0Minuten"},"schema":{"@context":"https:\/\/schema.org","@graph":[{"@type":"Article","@id":"https:\/\/gruene-kreistag-rnk.de\/index.php\/2022\/11\/03\/ergaenzung-zur-pressemeldung-des-rhein-neckar-kreises-vom-2-11-zur-naechsten-sitzung-des-umweltausschusses-am-8-11\/#article","isPartOf":{"@id":"https:\/\/gruene-kreistag-rnk.de\/index.php\/2022\/11\/03\/ergaenzung-zur-pressemeldung-des-rhein-neckar-kreises-vom-2-11-zur-naechsten-sitzung-des-umweltausschusses-am-8-11\/"},"author":{"name":"Stefan Gei\u00dfler","@id":"https:\/\/gruene-kreistag-rnk.de\/#\/schema\/person\/eabf3cb97168ab5316a8e7e901afa20a"},"headline":"Erg\u00e4nzung zur Pressemeldung des Rhein-Neckar-Kreises vom 2.11. zur n\u00e4chsten Sitzung des Umweltausschusses am 8.11.","datePublished":"2022-11-03T08:07:28+00:00","dateModified":"2022-11-03T08:20:43+00:00","mainEntityOfPage":{"@id":"https:\/\/gruene-kreistag-rnk.de\/index.php\/2022\/11\/03\/ergaenzung-zur-pressemeldung-des-rhein-neckar-kreises-vom-2-11-zur-naechsten-sitzung-des-umweltausschusses-am-8-11\/"},"wordCount":388,"commentCount":0,"image":{"@id":"https:\/\/gruene-kreistag-rnk.de\/index.php\/2022\/11\/03\/ergaenzung-zur-pressemeldung-des-rhein-neckar-kreises-vom-2-11-zur-naechsten-sitzung-des-umweltausschusses-am-8-11\/#primaryimage"},"thumbnailUrl":"https:\/\/gruene-kreistag-rnk.de\/wp-content\/uploads\/2022\/11\/ScreenHunter-1983.png","articleSection":["Sonstiges"],"inLanguage":"de","potentialAction":[{"@type":"CommentAction","name":"Comment","target":["https:\/\/gruene-kreistag-rnk.de\/index.php\/2022\/11\/03\/ergaenzung-zur-pressemeldung-des-rhein-neckar-kreises-vom-2-11-zur-naechsten-sitzung-des-umweltausschusses-am-8-11\/#respond"]}]},{"@type":"WebPage","@id":"https:\/\/gruene-kreistag-rnk.de\/index.php\/2022\/11\/03\/ergaenzung-zur-pressemeldung-des-rhein-neckar-kreises-vom-2-11-zur-naechsten-sitzung-des-umweltausschusses-am-8-11\/","url":"https:\/\/gruene-kreistag-rnk.de\/index.php\/2022\/11\/03\/ergaenzung-zur-pressemeldung-des-rhein-neckar-kreises-vom-2-11-zur-naechsten-sitzung-des-umweltausschusses-am-8-11\/","name":"Erg\u00e4nzung zur Pressemeldung des Rhein-Neckar-Kreises vom 2.11. zur n\u00e4chsten Sitzung des Umweltausschusses am 8.11. - Gr\u00fcne Kreistagsfraktion Rhein-Neckar","isPartOf":{"@id":"https:\/\/gruene-kreistag-rnk.de\/#website"},"primaryImageOfPage":{"@id":"https:\/\/gruene-kreistag-rnk.de\/index.php\/2022\/11\/03\/ergaenzung-zur-pressemeldung-des-rhein-neckar-kreises-vom-2-11-zur-naechsten-sitzung-des-umweltausschusses-am-8-11\/#primaryimage"},"image":{"@id":"https:\/\/gruene-kreistag-rnk.de\/index.php\/2022\/11\/03\/ergaenzung-zur-pressemeldung-des-rhein-neckar-kreises-vom-2-11-zur-naechsten-sitzung-des-umweltausschusses-am-8-11\/#primaryimage"},"thumbnailUrl":"https:\/\/gruene-kreistag-rnk.de\/wp-content\/uploads\/2022\/11\/ScreenHunter-1983.png","datePublished":"2022-11-03T08:07:28+00:00","dateModified":"2022-11-03T08:20:43+00:00","author":{"@id":"https:\/\/gruene-kreistag-rnk.de\/#\/schema\/person\/eabf3cb97168ab5316a8e7e901afa20a"},"breadcrumb":{"@id":"https:\/\/gruene-kreistag-rnk.de\/index.php\/2022\/11\/03\/ergaenzung-zur-pressemeldung-des-rhein-neckar-kreises-vom-2-11-zur-naechsten-sitzung-des-umweltausschusses-am-8-11\/#breadcrumb"},"inLanguage":"de","potentialAction":[{"@type":"ReadAction","target":["https:\/\/gruene-kreistag-rnk.de\/index.php\/2022\/11\/03\/ergaenzung-zur-pressemeldung-des-rhein-neckar-kreises-vom-2-11-zur-naechsten-sitzung-des-umweltausschusses-am-8-11\/"]}]},{"@type":"ImageObject","inLanguage":"de","@id":"https:\/\/gruene-kreistag-rnk.de\/index.php\/2022\/11\/03\/ergaenzung-zur-pressemeldung-des-rhein-neckar-kreises-vom-2-11-zur-naechsten-sitzung-des-umweltausschusses-am-8-11\/#primaryimage","url":"https:\/\/gruene-kreistag-rnk.de\/wp-content\/uploads\/2022\/11\/ScreenHunter-1983.png","contentUrl":"https:\/\/gruene-kreistag-rnk.de\/wp-content\/uploads\/2022\/11\/ScreenHunter-1983.png","width":532,"height":553,"caption":"Wir m\u00fcssen raus aus den fossilen Energien! (Foto Gr\u00fcneNRW auf flickr, CC-ShareAlike 2.0)"},{"@type":"BreadcrumbList","@id":"https:\/\/gruene-kreistag-rnk.de\/index.php\/2022\/11\/03\/ergaenzung-zur-pressemeldung-des-rhein-neckar-kreises-vom-2-11-zur-naechsten-sitzung-des-umweltausschusses-am-8-11\/#breadcrumb","itemListElement":[{"@type":"ListItem","position":1,"name":"Startseite","item":"https:\/\/gruene-kreistag-rnk.de\/"},{"@type":"ListItem","position":2,"name":"Erg\u00e4nzung zur Pressemeldung des Rhein-Neckar-Kreises vom 2.11. zur n\u00e4chsten Sitzung des Umweltausschusses am 8.11."}]},{"@type":"WebSite","@id":"https:\/\/gruene-kreistag-rnk.de\/#website","url":"https:\/\/gruene-kreistag-rnk.de\/","name":"Gr\u00fcne Kreistagsfraktion Rhein-Neckar","description":"","potentialAction":[{"@type":"SearchAction","target":{"@type":"EntryPoint","urlTemplate":"https:\/\/gruene-kreistag-rnk.de\/?s={search_term_string}"},"query-input":{"@type":"PropertyValueSpecification","valueRequired":true,"valueName":"search_term_string"}}],"inLanguage":"de"},{"@type":"Person","@id":"https:\/\/gruene-kreistag-rnk.de\/#\/schema\/person\/eabf3cb97168ab5316a8e7e901afa20a","name":"Stefan Gei\u00dfler","image":{"@type":"ImageObject","inLanguage":"de","@id":"https:\/\/secure.gravatar.com\/avatar\/26551b13adeac37998f7b2eb2ada6d7ecf3168b7abc1bc9cc5d42198fd38bd1a?s=96&d=mm&r=g","url":"https:\/\/secure.gravatar.com\/avatar\/26551b13adeac37998f7b2eb2ada6d7ecf3168b7abc1bc9cc5d42198fd38bd1a?s=96&d=mm&r=g","contentUrl":"https:\/\/secure.gravatar.com\/avatar\/26551b13adeac37998f7b2eb2ada6d7ecf3168b7abc1bc9cc5d42198fd38bd1a?s=96&d=mm&r=g","caption":"Stefan Gei\u00dfler"},"url":"https:\/\/gruene-kreistag-rnk.de\/index.php\/author\/stefan\/"}]}},"_links":{"self":[{"href":"https:\/\/gruene-kreistag-rnk.de\/index.php\/wp-json\/wp\/v2\/posts\/1474","targetHints":{"allow":["GET"]}}],"collection":[{"href":"https:\/\/gruene-kreistag-rnk.de\/index.php\/wp-json\/wp\/v2\/posts"}],"about":[{"href":"https:\/\/gruene-kreistag-rnk.de\/index.php\/wp-json\/wp\/v2\/types\/post"}],"author":[{"embeddable":true,"href":"https:\/\/gruene-kreistag-rnk.de\/index.php\/wp-json\/wp\/v2\/users\/2"}],"replies":[{"embeddable":true,"href":"https:\/\/gruene-kreistag-rnk.de\/index.php\/wp-json\/wp\/v2\/comments?post=1474"}],"version-history":[{"count":2,"href":"https:\/\/gruene-kreistag-rnk.de\/index.php\/wp-json\/wp\/v2\/posts\/1474\/revisions"}],"predecessor-version":[{"id":1479,"href":"https:\/\/gruene-kreistag-rnk.de\/index.php\/wp-json\/wp\/v2\/posts\/1474\/revisions\/1479"}],"wp:featuredmedia":[{"embeddable":true,"href":"https:\/\/gruene-kreistag-rnk.de\/index.php\/wp-json\/wp\/v2\/media\/1478"}],"wp:attachment":[{"href":"https:\/\/gruene-kreistag-rnk.de\/index.php\/wp-json\/wp\/v2\/media?parent=1474"}],"wp:term":[{"taxonomy":"category","embeddable":true,"href":"https:\/\/gruene-kreistag-rnk.de\/index.php\/wp-json\/wp\/v2\/categories?post=1474"},{"taxonomy":"post_tag","embeddable":true,"href":"https:\/\/gruene-kreistag-rnk.de\/index.php\/wp-json\/wp\/v2\/tags?post=1474"}],"curies":[{"name":"wp","href":"https:\/\/api.w.org\/{rel}","templated":true}]}}