{"id":1870,"date":"2024-10-06T09:44:50","date_gmt":"2024-10-06T08:44:50","guid":{"rendered":"https:\/\/gruene-kreistag-rnk.de\/?p=1870"},"modified":"2024-10-06T09:44:51","modified_gmt":"2024-10-06T08:44:51","slug":"juergen-kretz-mdb-zu-besuch-bei-der-grn-klinik-sinsheim","status":"publish","type":"post","link":"https:\/\/gruene-kreistag-rnk.de\/index.php\/2024\/10\/06\/juergen-kretz-mdb-zu-besuch-bei-der-grn-klinik-sinsheim\/","title":{"rendered":"J\u00fcrgen Kretz (MdB) zu Besuch bei der GRN Klinik Sinsheim"},"content":{"rendered":"\n<p>Am 3. September hatte der Gr\u00fcne Bundestagsabgeordnete J\u00fcrgen Kretz aus Wiesloch die GRN Klink in Sinsheim besucht. Der Termin war auf Initiative von Dr. Maria Daub-Verhoeven zustanden gekommen. Ein <strong><a href=\"https:\/\/www.sinsheim-lokal.de\/grn-sinsheim-politische-gespraeche-und-die-zukunft-der-gesundheitsversorgung\/\">Bericht<\/a> <\/strong>von Finn Bargmann findet sich bei Sinsheim lokal.<\/p>\n\n\n\n<p><\/p>\n","protected":false},"excerpt":{"rendered":"<p>Am 3. September hatte der Gr\u00fcne Bundestagsabgeordnete J\u00fcrgen Kretz aus Wiesloch die GRN Klink in Sinsheim besucht. Der Termin war auf Initiative von Dr. Maria Daub-Verhoeven zustanden gekommen. Ein Bericht [&hellip;]<\/p>\n","protected":false},"author":-1,"featured_media":1871,"comment_status":"open","ping_status":"open","sticky":false,"template":"","format":"standard","meta":{"footnotes":""},"categories":[1],"tags":[],"class_list":["post-1870","post","type-post","status-publish","format-standard","has-post-thumbnail","hentry","category-uncategorized"],"yoast_head":"<!-- This site is optimized with the Yoast SEO plugin v27.5 - https:\/\/yoast.com\/product\/yoast-seo-wordpress\/ -->\n<title>J\u00fcrgen Kretz (MdB) zu Besuch bei der GRN Klinik Sinsheim - Gr\u00fcne Kreistagsfraktion Rhein-Neckar<\/title>\n<meta name=\"robots\" content=\"index, follow, max-snippet:-1, max-image-preview:large, max-video-preview:-1\" \/>\n<link rel=\"canonical\" href=\"https:\/\/gruene-kreistag-rnk.de\/index.php\/2024\/10\/06\/juergen-kretz-mdb-zu-besuch-bei-der-grn-klinik-sinsheim\/\" \/>\n<meta property=\"og:locale\" content=\"de_DE\" \/>\n<meta property=\"og:type\" content=\"article\" \/>\n<meta property=\"og:title\" content=\"J\u00fcrgen Kretz (MdB) zu Besuch bei der GRN Klinik Sinsheim - Gr\u00fcne Kreistagsfraktion Rhein-Neckar\" \/>\n<meta property=\"og:description\" content=\"Am 3. September hatte der Gr\u00fcne Bundestagsabgeordnete J\u00fcrgen Kretz aus Wiesloch die GRN Klink in Sinsheim besucht. Der Termin war auf Initiative von Dr. Maria Daub-Verhoeven zustanden gekommen. Ein Bericht [&hellip;]\" \/>\n<meta property=\"og:url\" content=\"https:\/\/gruene-kreistag-rnk.de\/index.php\/2024\/10\/06\/juergen-kretz-mdb-zu-besuch-bei-der-grn-klinik-sinsheim\/\" \/>\n<meta property=\"og:site_name\" content=\"Gr\u00fcne Kreistagsfraktion Rhein-Neckar\" \/>\n<meta property=\"article:published_time\" content=\"2024-10-06T08:44:50+00:00\" \/>\n<meta property=\"article:modified_time\" content=\"2024-10-06T08:44:51+00:00\" \/>\n<meta property=\"og:image\" content=\"https:\/\/gruene-kreistag-rnk.de\/wp-content\/uploads\/2024\/10\/17281166731448928817355104662792.jpg\" \/>\n\t<meta property=\"og:image:width\" content=\"384\" \/>\n\t<meta property=\"og:image:height\" content=\"512\" \/>\n\t<meta property=\"og:image:type\" content=\"image\/jpeg\" \/>\n<meta name=\"author\" content=\"Stefan Gei\u00dfler\" \/>\n<meta name=\"twitter:card\" content=\"summary_large_image\" \/>\n<meta name=\"twitter:label1\" content=\"Verfasst von\" \/>\n\t<meta name=\"twitter:data1\" content=\"Stefan Gei\u00dfler\" \/>\n\t<meta name=\"twitter:label2\" content=\"Gesch\u00e4tzte Lesezeit\" \/>\n\t<meta name=\"twitter:data2\" content=\"1\u00a0Minute\" \/>\n<script type=\"application\/ld+json\" class=\"yoast-schema-graph\">{\"@context\":\"https:\\\/\\\/schema.org\",\"@graph\":[{\"@type\":\"Article\",\"@id\":\"https:\\\/\\\/gruene-kreistag-rnk.de\\\/index.php\\\/2024\\\/10\\\/06\\\/juergen-kretz-mdb-zu-besuch-bei-der-grn-klinik-sinsheim\\\/#article\",\"isPartOf\":{\"@id\":\"https:\\\/\\\/gruene-kreistag-rnk.de\\\/index.php\\\/2024\\\/10\\\/06\\\/juergen-kretz-mdb-zu-besuch-bei-der-grn-klinik-sinsheim\\\/\"},\"author\":{\"name\":\"Stefan Gei\u00dfler\",\"@id\":\"https:\\\/\\\/gruene-kreistag-rnk.de\\\/#\\\/schema\\\/person\\\/eabf3cb97168ab5316a8e7e901afa20a\"},\"headline\":\"J\u00fcrgen Kretz (MdB) zu Besuch bei der GRN Klinik Sinsheim\",\"datePublished\":\"2024-10-06T08:44:50+00:00\",\"dateModified\":\"2024-10-06T08:44:51+00:00\",\"mainEntityOfPage\":{\"@id\":\"https:\\\/\\\/gruene-kreistag-rnk.de\\\/index.php\\\/2024\\\/10\\\/06\\\/juergen-kretz-mdb-zu-besuch-bei-der-grn-klinik-sinsheim\\\/\"},\"wordCount\":50,\"commentCount\":0,\"image\":{\"@id\":\"https:\\\/\\\/gruene-kreistag-rnk.de\\\/index.php\\\/2024\\\/10\\\/06\\\/juergen-kretz-mdb-zu-besuch-bei-der-grn-klinik-sinsheim\\\/#primaryimage\"},\"thumbnailUrl\":\"https:\\\/\\\/gruene-kreistag-rnk.de\\\/wp-content\\\/uploads\\\/2024\\\/10\\\/17281166731448928817355104662792.jpg\",\"articleSection\":[\"Sonstiges\"],\"inLanguage\":\"de\",\"potentialAction\":[{\"@type\":\"CommentAction\",\"name\":\"Comment\",\"target\":[\"https:\\\/\\\/gruene-kreistag-rnk.de\\\/index.php\\\/2024\\\/10\\\/06\\\/juergen-kretz-mdb-zu-besuch-bei-der-grn-klinik-sinsheim\\\/#respond\"]}]},{\"@type\":\"WebPage\",\"@id\":\"https:\\\/\\\/gruene-kreistag-rnk.de\\\/index.php\\\/2024\\\/10\\\/06\\\/juergen-kretz-mdb-zu-besuch-bei-der-grn-klinik-sinsheim\\\/\",\"url\":\"https:\\\/\\\/gruene-kreistag-rnk.de\\\/index.php\\\/2024\\\/10\\\/06\\\/juergen-kretz-mdb-zu-besuch-bei-der-grn-klinik-sinsheim\\\/\",\"name\":\"J\u00fcrgen Kretz (MdB) zu Besuch bei der GRN Klinik Sinsheim - Gr\u00fcne Kreistagsfraktion Rhein-Neckar\",\"isPartOf\":{\"@id\":\"https:\\\/\\\/gruene-kreistag-rnk.de\\\/#website\"},\"primaryImageOfPage\":{\"@id\":\"https:\\\/\\\/gruene-kreistag-rnk.de\\\/index.php\\\/2024\\\/10\\\/06\\\/juergen-kretz-mdb-zu-besuch-bei-der-grn-klinik-sinsheim\\\/#primaryimage\"},\"image\":{\"@id\":\"https:\\\/\\\/gruene-kreistag-rnk.de\\\/index.php\\\/2024\\\/10\\\/06\\\/juergen-kretz-mdb-zu-besuch-bei-der-grn-klinik-sinsheim\\\/#primaryimage\"},\"thumbnailUrl\":\"https:\\\/\\\/gruene-kreistag-rnk.de\\\/wp-content\\\/uploads\\\/2024\\\/10\\\/17281166731448928817355104662792.jpg\",\"datePublished\":\"2024-10-06T08:44:50+00:00\",\"dateModified\":\"2024-10-06T08:44:51+00:00\",\"author\":{\"@id\":\"https:\\\/\\\/gruene-kreistag-rnk.de\\\/#\\\/schema\\\/person\\\/eabf3cb97168ab5316a8e7e901afa20a\"},\"breadcrumb\":{\"@id\":\"https:\\\/\\\/gruene-kreistag-rnk.de\\\/index.php\\\/2024\\\/10\\\/06\\\/juergen-kretz-mdb-zu-besuch-bei-der-grn-klinik-sinsheim\\\/#breadcrumb\"},\"inLanguage\":\"de\",\"potentialAction\":[{\"@type\":\"ReadAction\",\"target\":[\"https:\\\/\\\/gruene-kreistag-rnk.de\\\/index.php\\\/2024\\\/10\\\/06\\\/juergen-kretz-mdb-zu-besuch-bei-der-grn-klinik-sinsheim\\\/\"]}]},{\"@type\":\"ImageObject\",\"inLanguage\":\"de\",\"@id\":\"https:\\\/\\\/gruene-kreistag-rnk.de\\\/index.php\\\/2024\\\/10\\\/06\\\/juergen-kretz-mdb-zu-besuch-bei-der-grn-klinik-sinsheim\\\/#primaryimage\",\"url\":\"https:\\\/\\\/gruene-kreistag-rnk.de\\\/wp-content\\\/uploads\\\/2024\\\/10\\\/17281166731448928817355104662792.jpg\",\"contentUrl\":\"https:\\\/\\\/gruene-kreistag-rnk.de\\\/wp-content\\\/uploads\\\/2024\\\/10\\\/17281166731448928817355104662792.jpg\",\"width\":384,\"height\":512},{\"@type\":\"BreadcrumbList\",\"@id\":\"https:\\\/\\\/gruene-kreistag-rnk.de\\\/index.php\\\/2024\\\/10\\\/06\\\/juergen-kretz-mdb-zu-besuch-bei-der-grn-klinik-sinsheim\\\/#breadcrumb\",\"itemListElement\":[{\"@type\":\"ListItem\",\"position\":1,\"name\":\"Startseite\",\"item\":\"https:\\\/\\\/gruene-kreistag-rnk.de\\\/\"},{\"@type\":\"ListItem\",\"position\":2,\"name\":\"J\u00fcrgen Kretz (MdB) zu Besuch bei der GRN Klinik Sinsheim\"}]},{\"@type\":\"WebSite\",\"@id\":\"https:\\\/\\\/gruene-kreistag-rnk.de\\\/#website\",\"url\":\"https:\\\/\\\/gruene-kreistag-rnk.de\\\/\",\"name\":\"Gr\u00fcne Kreistagsfraktion Rhein-Neckar\",\"description\":\"\",\"potentialAction\":[{\"@type\":\"SearchAction\",\"target\":{\"@type\":\"EntryPoint\",\"urlTemplate\":\"https:\\\/\\\/gruene-kreistag-rnk.de\\\/?s={search_term_string}\"},\"query-input\":{\"@type\":\"PropertyValueSpecification\",\"valueRequired\":true,\"valueName\":\"search_term_string\"}}],\"inLanguage\":\"de\"},{\"@type\":\"Person\",\"@id\":\"https:\\\/\\\/gruene-kreistag-rnk.de\\\/#\\\/schema\\\/person\\\/eabf3cb97168ab5316a8e7e901afa20a\",\"name\":\"Stefan Gei\u00dfler\",\"image\":{\"@type\":\"ImageObject\",\"inLanguage\":\"de\",\"@id\":\"https:\\\/\\\/secure.gravatar.com\\\/avatar\\\/26551b13adeac37998f7b2eb2ada6d7ecf3168b7abc1bc9cc5d42198fd38bd1a?s=96&d=mm&r=g\",\"url\":\"https:\\\/\\\/secure.gravatar.com\\\/avatar\\\/26551b13adeac37998f7b2eb2ada6d7ecf3168b7abc1bc9cc5d42198fd38bd1a?s=96&d=mm&r=g\",\"contentUrl\":\"https:\\\/\\\/secure.gravatar.com\\\/avatar\\\/26551b13adeac37998f7b2eb2ada6d7ecf3168b7abc1bc9cc5d42198fd38bd1a?s=96&d=mm&r=g\",\"caption\":\"Stefan Gei\u00dfler\"},\"url\":\"https:\\\/\\\/gruene-kreistag-rnk.de\\\/index.php\\\/author\\\/stefan\\\/\"}]}<\/script>\n<!-- \/ Yoast SEO plugin. -->","yoast_head_json":{"title":"J\u00fcrgen Kretz (MdB) zu Besuch bei der GRN Klinik Sinsheim - Gr\u00fcne Kreistagsfraktion Rhein-Neckar","robots":{"index":"index","follow":"follow","max-snippet":"max-snippet:-1","max-image-preview":"max-image-preview:large","max-video-preview":"max-video-preview:-1"},"canonical":"https:\/\/gruene-kreistag-rnk.de\/index.php\/2024\/10\/06\/juergen-kretz-mdb-zu-besuch-bei-der-grn-klinik-sinsheim\/","og_locale":"de_DE","og_type":"article","og_title":"J\u00fcrgen Kretz (MdB) zu Besuch bei der GRN Klinik Sinsheim - Gr\u00fcne Kreistagsfraktion Rhein-Neckar","og_description":"Am 3. September hatte der Gr\u00fcne Bundestagsabgeordnete J\u00fcrgen Kretz aus Wiesloch die GRN Klink in Sinsheim besucht. Der Termin war auf Initiative von Dr. Maria Daub-Verhoeven zustanden gekommen. Ein Bericht [&hellip;]","og_url":"https:\/\/gruene-kreistag-rnk.de\/index.php\/2024\/10\/06\/juergen-kretz-mdb-zu-besuch-bei-der-grn-klinik-sinsheim\/","og_site_name":"Gr\u00fcne Kreistagsfraktion Rhein-Neckar","article_published_time":"2024-10-06T08:44:50+00:00","article_modified_time":"2024-10-06T08:44:51+00:00","og_image":[{"width":384,"height":512,"url":"https:\/\/gruene-kreistag-rnk.de\/wp-content\/uploads\/2024\/10\/17281166731448928817355104662792.jpg","type":"image\/jpeg"}],"author":"Stefan Gei\u00dfler","twitter_card":"summary_large_image","twitter_misc":{"Verfasst von":"Stefan Gei\u00dfler","Gesch\u00e4tzte Lesezeit":"1\u00a0Minute"},"schema":{"@context":"https:\/\/schema.org","@graph":[{"@type":"Article","@id":"https:\/\/gruene-kreistag-rnk.de\/index.php\/2024\/10\/06\/juergen-kretz-mdb-zu-besuch-bei-der-grn-klinik-sinsheim\/#article","isPartOf":{"@id":"https:\/\/gruene-kreistag-rnk.de\/index.php\/2024\/10\/06\/juergen-kretz-mdb-zu-besuch-bei-der-grn-klinik-sinsheim\/"},"author":{"name":"Stefan Gei\u00dfler","@id":"https:\/\/gruene-kreistag-rnk.de\/#\/schema\/person\/eabf3cb97168ab5316a8e7e901afa20a"},"headline":"J\u00fcrgen Kretz (MdB) zu Besuch bei der GRN Klinik Sinsheim","datePublished":"2024-10-06T08:44:50+00:00","dateModified":"2024-10-06T08:44:51+00:00","mainEntityOfPage":{"@id":"https:\/\/gruene-kreistag-rnk.de\/index.php\/2024\/10\/06\/juergen-kretz-mdb-zu-besuch-bei-der-grn-klinik-sinsheim\/"},"wordCount":50,"commentCount":0,"image":{"@id":"https:\/\/gruene-kreistag-rnk.de\/index.php\/2024\/10\/06\/juergen-kretz-mdb-zu-besuch-bei-der-grn-klinik-sinsheim\/#primaryimage"},"thumbnailUrl":"https:\/\/gruene-kreistag-rnk.de\/wp-content\/uploads\/2024\/10\/17281166731448928817355104662792.jpg","articleSection":["Sonstiges"],"inLanguage":"de","potentialAction":[{"@type":"CommentAction","name":"Comment","target":["https:\/\/gruene-kreistag-rnk.de\/index.php\/2024\/10\/06\/juergen-kretz-mdb-zu-besuch-bei-der-grn-klinik-sinsheim\/#respond"]}]},{"@type":"WebPage","@id":"https:\/\/gruene-kreistag-rnk.de\/index.php\/2024\/10\/06\/juergen-kretz-mdb-zu-besuch-bei-der-grn-klinik-sinsheim\/","url":"https:\/\/gruene-kreistag-rnk.de\/index.php\/2024\/10\/06\/juergen-kretz-mdb-zu-besuch-bei-der-grn-klinik-sinsheim\/","name":"J\u00fcrgen Kretz (MdB) zu Besuch bei der GRN Klinik Sinsheim - Gr\u00fcne Kreistagsfraktion Rhein-Neckar","isPartOf":{"@id":"https:\/\/gruene-kreistag-rnk.de\/#website"},"primaryImageOfPage":{"@id":"https:\/\/gruene-kreistag-rnk.de\/index.php\/2024\/10\/06\/juergen-kretz-mdb-zu-besuch-bei-der-grn-klinik-sinsheim\/#primaryimage"},"image":{"@id":"https:\/\/gruene-kreistag-rnk.de\/index.php\/2024\/10\/06\/juergen-kretz-mdb-zu-besuch-bei-der-grn-klinik-sinsheim\/#primaryimage"},"thumbnailUrl":"https:\/\/gruene-kreistag-rnk.de\/wp-content\/uploads\/2024\/10\/17281166731448928817355104662792.jpg","datePublished":"2024-10-06T08:44:50+00:00","dateModified":"2024-10-06T08:44:51+00:00","author":{"@id":"https:\/\/gruene-kreistag-rnk.de\/#\/schema\/person\/eabf3cb97168ab5316a8e7e901afa20a"},"breadcrumb":{"@id":"https:\/\/gruene-kreistag-rnk.de\/index.php\/2024\/10\/06\/juergen-kretz-mdb-zu-besuch-bei-der-grn-klinik-sinsheim\/#breadcrumb"},"inLanguage":"de","potentialAction":[{"@type":"ReadAction","target":["https:\/\/gruene-kreistag-rnk.de\/index.php\/2024\/10\/06\/juergen-kretz-mdb-zu-besuch-bei-der-grn-klinik-sinsheim\/"]}]},{"@type":"ImageObject","inLanguage":"de","@id":"https:\/\/gruene-kreistag-rnk.de\/index.php\/2024\/10\/06\/juergen-kretz-mdb-zu-besuch-bei-der-grn-klinik-sinsheim\/#primaryimage","url":"https:\/\/gruene-kreistag-rnk.de\/wp-content\/uploads\/2024\/10\/17281166731448928817355104662792.jpg","contentUrl":"https:\/\/gruene-kreistag-rnk.de\/wp-content\/uploads\/2024\/10\/17281166731448928817355104662792.jpg","width":384,"height":512},{"@type":"BreadcrumbList","@id":"https:\/\/gruene-kreistag-rnk.de\/index.php\/2024\/10\/06\/juergen-kretz-mdb-zu-besuch-bei-der-grn-klinik-sinsheim\/#breadcrumb","itemListElement":[{"@type":"ListItem","position":1,"name":"Startseite","item":"https:\/\/gruene-kreistag-rnk.de\/"},{"@type":"ListItem","position":2,"name":"J\u00fcrgen Kretz (MdB) zu Besuch bei der GRN Klinik Sinsheim"}]},{"@type":"WebSite","@id":"https:\/\/gruene-kreistag-rnk.de\/#website","url":"https:\/\/gruene-kreistag-rnk.de\/","name":"Gr\u00fcne Kreistagsfraktion Rhein-Neckar","description":"","potentialAction":[{"@type":"SearchAction","target":{"@type":"EntryPoint","urlTemplate":"https:\/\/gruene-kreistag-rnk.de\/?s={search_term_string}"},"query-input":{"@type":"PropertyValueSpecification","valueRequired":true,"valueName":"search_term_string"}}],"inLanguage":"de"},{"@type":"Person","@id":"https:\/\/gruene-kreistag-rnk.de\/#\/schema\/person\/eabf3cb97168ab5316a8e7e901afa20a","name":"Stefan Gei\u00dfler","image":{"@type":"ImageObject","inLanguage":"de","@id":"https:\/\/secure.gravatar.com\/avatar\/26551b13adeac37998f7b2eb2ada6d7ecf3168b7abc1bc9cc5d42198fd38bd1a?s=96&d=mm&r=g","url":"https:\/\/secure.gravatar.com\/avatar\/26551b13adeac37998f7b2eb2ada6d7ecf3168b7abc1bc9cc5d42198fd38bd1a?s=96&d=mm&r=g","contentUrl":"https:\/\/secure.gravatar.com\/avatar\/26551b13adeac37998f7b2eb2ada6d7ecf3168b7abc1bc9cc5d42198fd38bd1a?s=96&d=mm&r=g","caption":"Stefan Gei\u00dfler"},"url":"https:\/\/gruene-kreistag-rnk.de\/index.php\/author\/stefan\/"}]}},"_links":{"self":[{"href":"https:\/\/gruene-kreistag-rnk.de\/index.php\/wp-json\/wp\/v2\/posts\/1870","targetHints":{"allow":["GET"]}}],"collection":[{"href":"https:\/\/gruene-kreistag-rnk.de\/index.php\/wp-json\/wp\/v2\/posts"}],"about":[{"href":"https:\/\/gruene-kreistag-rnk.de\/index.php\/wp-json\/wp\/v2\/types\/post"}],"author":[{"embeddable":true,"href":"https:\/\/gruene-kreistag-rnk.de\/index.php\/wp-json\/wp\/v2\/users\/2"}],"replies":[{"embeddable":true,"href":"https:\/\/gruene-kreistag-rnk.de\/index.php\/wp-json\/wp\/v2\/comments?post=1870"}],"version-history":[{"count":1,"href":"https:\/\/gruene-kreistag-rnk.de\/index.php\/wp-json\/wp\/v2\/posts\/1870\/revisions"}],"predecessor-version":[{"id":1872,"href":"https:\/\/gruene-kreistag-rnk.de\/index.php\/wp-json\/wp\/v2\/posts\/1870\/revisions\/1872"}],"wp:featuredmedia":[{"embeddable":true,"href":"https:\/\/gruene-kreistag-rnk.de\/index.php\/wp-json\/wp\/v2\/media\/1871"}],"wp:attachment":[{"href":"https:\/\/gruene-kreistag-rnk.de\/index.php\/wp-json\/wp\/v2\/media?parent=1870"}],"wp:term":[{"taxonomy":"category","embeddable":true,"href":"https:\/\/gruene-kreistag-rnk.de\/index.php\/wp-json\/wp\/v2\/categories?post=1870"},{"taxonomy":"post_tag","embeddable":true,"href":"https:\/\/gruene-kreistag-rnk.de\/index.php\/wp-json\/wp\/v2\/tags?post=1870"}],"curies":[{"name":"wp","href":"https:\/\/api.w.org\/{rel}","templated":true}]}}