{"id":1878,"date":"2024-10-26T10:58:01","date_gmt":"2024-10-26T09:58:01","guid":{"rendered":"https:\/\/gruene-kreistag-rnk.de\/?p=1878"},"modified":"2024-10-26T10:58:02","modified_gmt":"2024-10-26T09:58:02","slug":"sparen-aber-wo","status":"publish","type":"post","link":"https:\/\/gruene-kreistag-rnk.de\/index.php\/2024\/10\/26\/sparen-aber-wo\/","title":{"rendered":"&#8222;Sparen &#8211; aber wo?&#8220;"},"content":{"rendered":"\n<p>Kommentar der Gr\u00fcnen Kreistagsfraktion zum Text \u201eKommunen wird wohl mehr abverlangt\u201c in der RNZ vom 19.10.2024<\/p>\n\n\n\n<p>So rasch \u00e4ndern sich die Dinge: die \u201egoldenen Jahre\u201c im Rhein-Neckar-Kreis sind vor\u00fcber, \u201ebittere Pillen\u201c drohen, die R\u00fccklagen sind fast aufgebraucht. \u201eSparen \u2013 nur wo?\u201c fragt sich die RNZ. Den aufgelisteten \u00dcberlegungen wie der Erh\u00f6hung der Kreisumlage sowie Reformen im Gesundheitssystem g\u00e4be es dabei einen wichtigen Bereich hinzuzuf\u00fcgen: Endlich die konsequente Nutzung der Potenziale der Erneuerbaren Energie vorantreiben, die hier in der Region leider immer noch ganz am Anfang steht!<\/p>\n\n\n\n<p>Ein Blick \u00fcber die Landesgrenzen zeigt, wie nachhaltig Landkreise, die seit Jahren diese Linie fahren, damit auch ihre eigenen Finanzen sanieren: Die vielbeachtete Energiemodellregion Rhein-Hunsr\u00fcck-Kreis geh\u00f6rt zu den Landkreisen mit der niedrigsten Pro-Kopf-Verschuldung weit und breit und versorgt sich nebenbei inzwischen zu 390% mit sauberem heimischem Strom. Die eigenen Kassen sanieren und gleichzeitig das Klima: das ist m\u00f6glich!<\/p>\n\n\n\n<p>Diese guten Beispiele gilt es auch hier zu studieren, selbst wenn die Effekte nicht unmittelbar, sondern erst mit einiger Verz\u00f6gerung eintreten. Doch der letzte Absatz im RNZ-Bericht erweckt einmal mehr den unzutreffenden Eindruck, mit der Energiewende seien im Wesentlichen Ausgaben und Belastungen verbunden: \u201eOben drauf kommt noch der Klimaschutz\u201c hei\u00dft es nach einer Aufz\u00e4hlung der anstehenden Aufgaben. Dass bei dem Thema auch satte finanzielle Ertr\u00e4ge winken, wird leider immer noch nicht ausreichend erkannt. Unserer Region drohen weiter Rotstift und verpasste Einnahmen, wenn sich das nicht rasch \u00e4ndert. Und solange flie\u00dfen weiter Mittel in H\u00f6he von \u00fcber 1,5 Milliarden Euro pro Jahr als Ausgaben f\u00fcr fremde fossile Energien aus dem Landkreis ab \u2013 Mittel, die eine konsequente Nutzung unserer eigenen heimischen Ressourcen zum Teil hier vor Ort halten k\u00f6nnte. Lassen Sie uns dabei nun Tempo machen!<\/p>\n","protected":false},"excerpt":{"rendered":"<p>Kommentar der Gr\u00fcnen Kreistagsfraktion zum Text \u201eKommunen wird wohl mehr abverlangt\u201c in der RNZ vom 19.10.2024 So rasch \u00e4ndern sich die Dinge: die \u201egoldenen Jahre\u201c im Rhein-Neckar-Kreis sind vor\u00fcber, \u201ebittere [&hellip;]<\/p>\n","protected":false},"author":-1,"featured_media":1879,"comment_status":"open","ping_status":"open","sticky":false,"template":"","format":"standard","meta":{"footnotes":""},"categories":[1],"tags":[],"class_list":["post-1878","post","type-post","status-publish","format-standard","has-post-thumbnail","hentry","category-uncategorized"],"yoast_head":"<!-- This site is optimized with the Yoast SEO plugin v27.2 - https:\/\/yoast.com\/product\/yoast-seo-wordpress\/ -->\n<title>&quot;Sparen - aber wo?&quot; - Gr\u00fcne Kreistagsfraktion Rhein-Neckar<\/title>\n<meta name=\"robots\" content=\"index, follow, max-snippet:-1, max-image-preview:large, max-video-preview:-1\" \/>\n<link rel=\"canonical\" href=\"https:\/\/gruene-kreistag-rnk.de\/index.php\/2024\/10\/26\/sparen-aber-wo\/\" \/>\n<meta property=\"og:locale\" content=\"de_DE\" \/>\n<meta property=\"og:type\" content=\"article\" \/>\n<meta property=\"og:title\" content=\"&quot;Sparen - aber wo?&quot; - Gr\u00fcne Kreistagsfraktion Rhein-Neckar\" \/>\n<meta property=\"og:description\" content=\"Kommentar der Gr\u00fcnen Kreistagsfraktion zum Text \u201eKommunen wird wohl mehr abverlangt\u201c in der RNZ vom 19.10.2024 So rasch \u00e4ndern sich die Dinge: die \u201egoldenen Jahre\u201c im Rhein-Neckar-Kreis sind vor\u00fcber, \u201ebittere [&hellip;]\" \/>\n<meta property=\"og:url\" content=\"https:\/\/gruene-kreistag-rnk.de\/index.php\/2024\/10\/26\/sparen-aber-wo\/\" \/>\n<meta property=\"og:site_name\" content=\"Gr\u00fcne Kreistagsfraktion Rhein-Neckar\" \/>\n<meta property=\"article:published_time\" content=\"2024-10-26T09:58:01+00:00\" \/>\n<meta property=\"article:modified_time\" content=\"2024-10-26T09:58:02+00:00\" \/>\n<meta property=\"og:image\" content=\"https:\/\/gruene-kreistag-rnk.de\/wp-content\/uploads\/2024\/10\/48946746423_a19442a252_c.jpg\" \/>\n\t<meta property=\"og:image:width\" content=\"799\" \/>\n\t<meta property=\"og:image:height\" content=\"527\" \/>\n\t<meta property=\"og:image:type\" content=\"image\/jpeg\" \/>\n<meta name=\"author\" content=\"Stefan Gei\u00dfler\" \/>\n<meta name=\"twitter:card\" content=\"summary_large_image\" \/>\n<meta name=\"twitter:label1\" content=\"Verfasst von\" \/>\n\t<meta name=\"twitter:data1\" content=\"Stefan Gei\u00dfler\" \/>\n\t<meta name=\"twitter:label2\" content=\"Gesch\u00e4tzte Lesezeit\" \/>\n\t<meta name=\"twitter:data2\" content=\"1\u00a0Minute\" \/>\n<script type=\"application\/ld+json\" class=\"yoast-schema-graph\">{\"@context\":\"https:\/\/schema.org\",\"@graph\":[{\"@type\":\"Article\",\"@id\":\"https:\/\/gruene-kreistag-rnk.de\/index.php\/2024\/10\/26\/sparen-aber-wo\/#article\",\"isPartOf\":{\"@id\":\"https:\/\/gruene-kreistag-rnk.de\/index.php\/2024\/10\/26\/sparen-aber-wo\/\"},\"author\":{\"name\":\"Stefan Gei\u00dfler\",\"@id\":\"https:\/\/gruene-kreistag-rnk.de\/#\/schema\/person\/eabf3cb97168ab5316a8e7e901afa20a\"},\"headline\":\"&#8222;Sparen &#8211; aber wo?&#8220;\",\"datePublished\":\"2024-10-26T09:58:01+00:00\",\"dateModified\":\"2024-10-26T09:58:02+00:00\",\"mainEntityOfPage\":{\"@id\":\"https:\/\/gruene-kreistag-rnk.de\/index.php\/2024\/10\/26\/sparen-aber-wo\/\"},\"wordCount\":295,\"commentCount\":0,\"image\":{\"@id\":\"https:\/\/gruene-kreistag-rnk.de\/index.php\/2024\/10\/26\/sparen-aber-wo\/#primaryimage\"},\"thumbnailUrl\":\"https:\/\/gruene-kreistag-rnk.de\/wp-content\/uploads\/2024\/10\/48946746423_a19442a252_c.jpg\",\"articleSection\":[\"Sonstiges\"],\"inLanguage\":\"de\",\"potentialAction\":[{\"@type\":\"CommentAction\",\"name\":\"Comment\",\"target\":[\"https:\/\/gruene-kreistag-rnk.de\/index.php\/2024\/10\/26\/sparen-aber-wo\/#respond\"]}]},{\"@type\":\"WebPage\",\"@id\":\"https:\/\/gruene-kreistag-rnk.de\/index.php\/2024\/10\/26\/sparen-aber-wo\/\",\"url\":\"https:\/\/gruene-kreistag-rnk.de\/index.php\/2024\/10\/26\/sparen-aber-wo\/\",\"name\":\"\\\"Sparen - aber wo?\\\" - Gr\u00fcne Kreistagsfraktion Rhein-Neckar\",\"isPartOf\":{\"@id\":\"https:\/\/gruene-kreistag-rnk.de\/#website\"},\"primaryImageOfPage\":{\"@id\":\"https:\/\/gruene-kreistag-rnk.de\/index.php\/2024\/10\/26\/sparen-aber-wo\/#primaryimage\"},\"image\":{\"@id\":\"https:\/\/gruene-kreistag-rnk.de\/index.php\/2024\/10\/26\/sparen-aber-wo\/#primaryimage\"},\"thumbnailUrl\":\"https:\/\/gruene-kreistag-rnk.de\/wp-content\/uploads\/2024\/10\/48946746423_a19442a252_c.jpg\",\"datePublished\":\"2024-10-26T09:58:01+00:00\",\"dateModified\":\"2024-10-26T09:58:02+00:00\",\"author\":{\"@id\":\"https:\/\/gruene-kreistag-rnk.de\/#\/schema\/person\/eabf3cb97168ab5316a8e7e901afa20a\"},\"breadcrumb\":{\"@id\":\"https:\/\/gruene-kreistag-rnk.de\/index.php\/2024\/10\/26\/sparen-aber-wo\/#breadcrumb\"},\"inLanguage\":\"de\",\"potentialAction\":[{\"@type\":\"ReadAction\",\"target\":[\"https:\/\/gruene-kreistag-rnk.de\/index.php\/2024\/10\/26\/sparen-aber-wo\/\"]}]},{\"@type\":\"ImageObject\",\"inLanguage\":\"de\",\"@id\":\"https:\/\/gruene-kreistag-rnk.de\/index.php\/2024\/10\/26\/sparen-aber-wo\/#primaryimage\",\"url\":\"https:\/\/gruene-kreistag-rnk.de\/wp-content\/uploads\/2024\/10\/48946746423_a19442a252_c.jpg\",\"contentUrl\":\"https:\/\/gruene-kreistag-rnk.de\/wp-content\/uploads\/2024\/10\/48946746423_a19442a252_c.jpg\",\"width\":799,\"height\":527,\"caption\":\"Foto: Christoph Scholz auf flickr, CC-BY SA 2.0\"},{\"@type\":\"BreadcrumbList\",\"@id\":\"https:\/\/gruene-kreistag-rnk.de\/index.php\/2024\/10\/26\/sparen-aber-wo\/#breadcrumb\",\"itemListElement\":[{\"@type\":\"ListItem\",\"position\":1,\"name\":\"Startseite\",\"item\":\"https:\/\/gruene-kreistag-rnk.de\/\"},{\"@type\":\"ListItem\",\"position\":2,\"name\":\"&#8222;Sparen &#8211; aber wo?&#8220;\"}]},{\"@type\":\"WebSite\",\"@id\":\"https:\/\/gruene-kreistag-rnk.de\/#website\",\"url\":\"https:\/\/gruene-kreistag-rnk.de\/\",\"name\":\"Gr\u00fcne Kreistagsfraktion Rhein-Neckar\",\"description\":\"\",\"potentialAction\":[{\"@type\":\"SearchAction\",\"target\":{\"@type\":\"EntryPoint\",\"urlTemplate\":\"https:\/\/gruene-kreistag-rnk.de\/?s={search_term_string}\"},\"query-input\":{\"@type\":\"PropertyValueSpecification\",\"valueRequired\":true,\"valueName\":\"search_term_string\"}}],\"inLanguage\":\"de\"},{\"@type\":\"Person\",\"@id\":\"https:\/\/gruene-kreistag-rnk.de\/#\/schema\/person\/eabf3cb97168ab5316a8e7e901afa20a\",\"name\":\"Stefan Gei\u00dfler\",\"image\":{\"@type\":\"ImageObject\",\"inLanguage\":\"de\",\"@id\":\"https:\/\/secure.gravatar.com\/avatar\/26551b13adeac37998f7b2eb2ada6d7ecf3168b7abc1bc9cc5d42198fd38bd1a?s=96&d=mm&r=g\",\"url\":\"https:\/\/secure.gravatar.com\/avatar\/26551b13adeac37998f7b2eb2ada6d7ecf3168b7abc1bc9cc5d42198fd38bd1a?s=96&d=mm&r=g\",\"contentUrl\":\"https:\/\/secure.gravatar.com\/avatar\/26551b13adeac37998f7b2eb2ada6d7ecf3168b7abc1bc9cc5d42198fd38bd1a?s=96&d=mm&r=g\",\"caption\":\"Stefan Gei\u00dfler\"},\"url\":\"https:\/\/gruene-kreistag-rnk.de\/index.php\/author\/stefan\/\"}]}<\/script>\n<!-- \/ Yoast SEO plugin. -->","yoast_head_json":{"title":"\"Sparen - aber wo?\" - Gr\u00fcne Kreistagsfraktion Rhein-Neckar","robots":{"index":"index","follow":"follow","max-snippet":"max-snippet:-1","max-image-preview":"max-image-preview:large","max-video-preview":"max-video-preview:-1"},"canonical":"https:\/\/gruene-kreistag-rnk.de\/index.php\/2024\/10\/26\/sparen-aber-wo\/","og_locale":"de_DE","og_type":"article","og_title":"\"Sparen - aber wo?\" - Gr\u00fcne Kreistagsfraktion Rhein-Neckar","og_description":"Kommentar der Gr\u00fcnen Kreistagsfraktion zum Text \u201eKommunen wird wohl mehr abverlangt\u201c in der RNZ vom 19.10.2024 So rasch \u00e4ndern sich die Dinge: die \u201egoldenen Jahre\u201c im Rhein-Neckar-Kreis sind vor\u00fcber, \u201ebittere [&hellip;]","og_url":"https:\/\/gruene-kreistag-rnk.de\/index.php\/2024\/10\/26\/sparen-aber-wo\/","og_site_name":"Gr\u00fcne Kreistagsfraktion Rhein-Neckar","article_published_time":"2024-10-26T09:58:01+00:00","article_modified_time":"2024-10-26T09:58:02+00:00","og_image":[{"width":799,"height":527,"url":"https:\/\/gruene-kreistag-rnk.de\/wp-content\/uploads\/2024\/10\/48946746423_a19442a252_c.jpg","type":"image\/jpeg"}],"author":"Stefan Gei\u00dfler","twitter_card":"summary_large_image","twitter_misc":{"Verfasst von":"Stefan Gei\u00dfler","Gesch\u00e4tzte Lesezeit":"1\u00a0Minute"},"schema":{"@context":"https:\/\/schema.org","@graph":[{"@type":"Article","@id":"https:\/\/gruene-kreistag-rnk.de\/index.php\/2024\/10\/26\/sparen-aber-wo\/#article","isPartOf":{"@id":"https:\/\/gruene-kreistag-rnk.de\/index.php\/2024\/10\/26\/sparen-aber-wo\/"},"author":{"name":"Stefan Gei\u00dfler","@id":"https:\/\/gruene-kreistag-rnk.de\/#\/schema\/person\/eabf3cb97168ab5316a8e7e901afa20a"},"headline":"&#8222;Sparen &#8211; aber wo?&#8220;","datePublished":"2024-10-26T09:58:01+00:00","dateModified":"2024-10-26T09:58:02+00:00","mainEntityOfPage":{"@id":"https:\/\/gruene-kreistag-rnk.de\/index.php\/2024\/10\/26\/sparen-aber-wo\/"},"wordCount":295,"commentCount":0,"image":{"@id":"https:\/\/gruene-kreistag-rnk.de\/index.php\/2024\/10\/26\/sparen-aber-wo\/#primaryimage"},"thumbnailUrl":"https:\/\/gruene-kreistag-rnk.de\/wp-content\/uploads\/2024\/10\/48946746423_a19442a252_c.jpg","articleSection":["Sonstiges"],"inLanguage":"de","potentialAction":[{"@type":"CommentAction","name":"Comment","target":["https:\/\/gruene-kreistag-rnk.de\/index.php\/2024\/10\/26\/sparen-aber-wo\/#respond"]}]},{"@type":"WebPage","@id":"https:\/\/gruene-kreistag-rnk.de\/index.php\/2024\/10\/26\/sparen-aber-wo\/","url":"https:\/\/gruene-kreistag-rnk.de\/index.php\/2024\/10\/26\/sparen-aber-wo\/","name":"\"Sparen - aber wo?\" - Gr\u00fcne Kreistagsfraktion Rhein-Neckar","isPartOf":{"@id":"https:\/\/gruene-kreistag-rnk.de\/#website"},"primaryImageOfPage":{"@id":"https:\/\/gruene-kreistag-rnk.de\/index.php\/2024\/10\/26\/sparen-aber-wo\/#primaryimage"},"image":{"@id":"https:\/\/gruene-kreistag-rnk.de\/index.php\/2024\/10\/26\/sparen-aber-wo\/#primaryimage"},"thumbnailUrl":"https:\/\/gruene-kreistag-rnk.de\/wp-content\/uploads\/2024\/10\/48946746423_a19442a252_c.jpg","datePublished":"2024-10-26T09:58:01+00:00","dateModified":"2024-10-26T09:58:02+00:00","author":{"@id":"https:\/\/gruene-kreistag-rnk.de\/#\/schema\/person\/eabf3cb97168ab5316a8e7e901afa20a"},"breadcrumb":{"@id":"https:\/\/gruene-kreistag-rnk.de\/index.php\/2024\/10\/26\/sparen-aber-wo\/#breadcrumb"},"inLanguage":"de","potentialAction":[{"@type":"ReadAction","target":["https:\/\/gruene-kreistag-rnk.de\/index.php\/2024\/10\/26\/sparen-aber-wo\/"]}]},{"@type":"ImageObject","inLanguage":"de","@id":"https:\/\/gruene-kreistag-rnk.de\/index.php\/2024\/10\/26\/sparen-aber-wo\/#primaryimage","url":"https:\/\/gruene-kreistag-rnk.de\/wp-content\/uploads\/2024\/10\/48946746423_a19442a252_c.jpg","contentUrl":"https:\/\/gruene-kreistag-rnk.de\/wp-content\/uploads\/2024\/10\/48946746423_a19442a252_c.jpg","width":799,"height":527,"caption":"Foto: Christoph Scholz auf flickr, CC-BY SA 2.0"},{"@type":"BreadcrumbList","@id":"https:\/\/gruene-kreistag-rnk.de\/index.php\/2024\/10\/26\/sparen-aber-wo\/#breadcrumb","itemListElement":[{"@type":"ListItem","position":1,"name":"Startseite","item":"https:\/\/gruene-kreistag-rnk.de\/"},{"@type":"ListItem","position":2,"name":"&#8222;Sparen &#8211; aber wo?&#8220;"}]},{"@type":"WebSite","@id":"https:\/\/gruene-kreistag-rnk.de\/#website","url":"https:\/\/gruene-kreistag-rnk.de\/","name":"Gr\u00fcne Kreistagsfraktion Rhein-Neckar","description":"","potentialAction":[{"@type":"SearchAction","target":{"@type":"EntryPoint","urlTemplate":"https:\/\/gruene-kreistag-rnk.de\/?s={search_term_string}"},"query-input":{"@type":"PropertyValueSpecification","valueRequired":true,"valueName":"search_term_string"}}],"inLanguage":"de"},{"@type":"Person","@id":"https:\/\/gruene-kreistag-rnk.de\/#\/schema\/person\/eabf3cb97168ab5316a8e7e901afa20a","name":"Stefan Gei\u00dfler","image":{"@type":"ImageObject","inLanguage":"de","@id":"https:\/\/secure.gravatar.com\/avatar\/26551b13adeac37998f7b2eb2ada6d7ecf3168b7abc1bc9cc5d42198fd38bd1a?s=96&d=mm&r=g","url":"https:\/\/secure.gravatar.com\/avatar\/26551b13adeac37998f7b2eb2ada6d7ecf3168b7abc1bc9cc5d42198fd38bd1a?s=96&d=mm&r=g","contentUrl":"https:\/\/secure.gravatar.com\/avatar\/26551b13adeac37998f7b2eb2ada6d7ecf3168b7abc1bc9cc5d42198fd38bd1a?s=96&d=mm&r=g","caption":"Stefan Gei\u00dfler"},"url":"https:\/\/gruene-kreistag-rnk.de\/index.php\/author\/stefan\/"}]}},"_links":{"self":[{"href":"https:\/\/gruene-kreistag-rnk.de\/index.php\/wp-json\/wp\/v2\/posts\/1878","targetHints":{"allow":["GET"]}}],"collection":[{"href":"https:\/\/gruene-kreistag-rnk.de\/index.php\/wp-json\/wp\/v2\/posts"}],"about":[{"href":"https:\/\/gruene-kreistag-rnk.de\/index.php\/wp-json\/wp\/v2\/types\/post"}],"author":[{"embeddable":true,"href":"https:\/\/gruene-kreistag-rnk.de\/index.php\/wp-json\/wp\/v2\/users\/2"}],"replies":[{"embeddable":true,"href":"https:\/\/gruene-kreistag-rnk.de\/index.php\/wp-json\/wp\/v2\/comments?post=1878"}],"version-history":[{"count":1,"href":"https:\/\/gruene-kreistag-rnk.de\/index.php\/wp-json\/wp\/v2\/posts\/1878\/revisions"}],"predecessor-version":[{"id":1880,"href":"https:\/\/gruene-kreistag-rnk.de\/index.php\/wp-json\/wp\/v2\/posts\/1878\/revisions\/1880"}],"wp:featuredmedia":[{"embeddable":true,"href":"https:\/\/gruene-kreistag-rnk.de\/index.php\/wp-json\/wp\/v2\/media\/1879"}],"wp:attachment":[{"href":"https:\/\/gruene-kreistag-rnk.de\/index.php\/wp-json\/wp\/v2\/media?parent=1878"}],"wp:term":[{"taxonomy":"category","embeddable":true,"href":"https:\/\/gruene-kreistag-rnk.de\/index.php\/wp-json\/wp\/v2\/categories?post=1878"},{"taxonomy":"post_tag","embeddable":true,"href":"https:\/\/gruene-kreistag-rnk.de\/index.php\/wp-json\/wp\/v2\/tags?post=1878"}],"curies":[{"name":"wp","href":"https:\/\/api.w.org\/{rel}","templated":true}]}}