{"id":1882,"date":"2024-11-14T09:38:07","date_gmt":"2024-11-14T08:38:07","guid":{"rendered":"https:\/\/gruene-kreistag-rnk.de\/?p=1882"},"modified":"2024-11-14T14:08:16","modified_gmt":"2024-11-14T13:08:16","slug":"klimaschutz-rhein-neckar-kreis-gibt-sich-nochmal-zehn-jahre-mehr-zeit","status":"publish","type":"post","link":"https:\/\/gruene-kreistag-rnk.de\/index.php\/2024\/11\/14\/klimaschutz-rhein-neckar-kreis-gibt-sich-nochmal-zehn-jahre-mehr-zeit\/","title":{"rendered":"Klimaschutz? Rhein-Neckar-Kreis gibt sich nochmal zehn Jahre mehr Zeit!"},"content":{"rendered":"\n<p><strong>Kreistags-Umweltausschuss nimmt einem gemeinsamen Antrag von CDU, FDP und Freien W\u00e4hlern folgend beim Klimaschutz Tempo raus<\/strong><br><\/p>\n\n\n\n<p>Bei der Sitzung des Umweltausschuss des Rhein-Neckar-Kreises am Dienstag 12.November hat sich eine Mehrheit aus CDU, Freien W\u00e4hlern, FDP und AfD daf\u00fcr ausgesprochen, einem Antrag der CDU zu folgen und das Klimaschutzkonzept des Landkreises in entscheidenden Punkten abzuschw\u00e4chen. Erst 2021 war einstimmig die Klimaneutralit\u00e4t der Landkreisverwaltung als Ziel formuliert worden. Seither hatten sich die Fachleute der Verwaltung an die Erarbeitung eines Fahrplanes gemacht, mit dem zun\u00e4chst die Geb\u00e4ude mit dem gr\u00f6\u00dften Einsparpotenzial in Angriff genommen werden sollten. Gleichzeitig hatte man auch zum PV-Ausbau f\u00fcr die noch gr\u00f6\u00dftenteils brachliegenden Geb\u00e4uded\u00e4cher ehrgeizige Ziele gefasst.<br>Nach Meinung der Konservativen im Ausschuss soll der Landkreis beim Thema Klimaschutz jedoch nun erstmal wieder Tempo rausnehmen: Die Zielerreichung wird nun um zehn Jahre nach hinten auf 2045 verschoben. Au\u00dferdem soll statt des zeitgem\u00e4\u00dfen Sanierungsstandards KfW 40 der weit schw\u00e4chere Standard KfW 55 die Regel werden.<\/p>\n\n\n\n<p><br><strong>\u201eDann wird es dunkel\u201c<\/strong><br>In seiner Gegenrede sprach Gr\u00fcnen Fraktionssprecher Ralf Fr\u00fchwirt von einem absolut falschen Weg: W\u00e4hrend die Folgen der herannahenden Klimakrise wie zuletzt in Spanien immer drastischer werden, nehme hier mit dem Rhein-Neckar-Kreis eine der reichsten Regionen des Landes in einem der reichsten L\u00e4nder der Welt ihre Verantwortung nicht wahr.<br>Der Rhein-Neckar-Kreis, der sich in einem mutigen und weitsichtigen Konzept 2021 einstimmig ambitionierte Ziele beim Klimaschutz gegeben hatte, nimmt damit den Fu\u00df wieder vom Gaspedal, noch bevor die Umsetzung richtig begonnen hat. Dabei w\u00e4re kaum eine Region so gefordert, bei dem Thema voranzukommen: Bislang rangiert der Rhein-Neckar-Kreis bei wichtigen Parametern noch weit hinter den meisten Landkreisen in Baden-W\u00fcrttemberg: Bei der Windenergie z.B., die eine der alles entscheidenden S\u00e4ulen einer Energiewende weg von den schmutzigen fossilen Energietr\u00e4gern ist, steht im Landkreis nach wie vor eine glatte Null zu Buche. Auch beim Thema Elektromobilit\u00e4t hinkt die Region hinterher: Eine vom Verband der Automobilindustrie VDA durchgef\u00fchrte Erhebung der Ladeinfrastruktur ordnete den Landkreis Rhein-Neckar zuletzt auch bei diesem Thema weit hinten auf entsprechenden Rankings ein.<br>Der CDU-Antrag nimmt die trostlose Finanzsituation des Rhein-Neckar-Kreises zum Anlass f\u00fcr den Vorsto\u00df aber l\u00e4sst dabei sowohl die Tatsache au\u00dfer Acht, dass der Umsetzungszeitraum auch nach bisherigem Stand viele Jahre in die Zukunft reicht. Zudem werden mit den bereits absehbaren Preissteigerungen bei fossilen Brennstoffen (Stichwort CO2-Zertifikate) die Kosten f\u00fcr Verz\u00f6gerungen beim Klimaschutz stark ansteigen.<\/p>\n\n\n\n<p><br><strong>Gr\u00fcne: Kein Rollback beim Klima!<\/strong><br>Wie die Gr\u00fcnen hatten sich auch Ausschussmitglieder von SPD und Linken dem Widerspruch gegen diesen r\u00fcckw\u00e4rtsgewandten Kurswechsel angeschlossen, brachten jedoch weniger Stimmen zusammen als CDU, FW und FDP, die mit ihrem Antrag auch von der AfD unterst\u00fctzt wurden.<br>Der Kreistag, eigentlich ein vergleichsweise diskussionsunwilliges Gremium, in dem Vorlagen oft ohne viel Dissens einstimmig durchgewunken werden, zeigt sich damit ausgerechnet in seinem Umgang mit der Klimakrise gespalten: Einer Mehrheit sind selbst die zuletzt in Angriff genommenen Trippelschritte zu ambitioniert. Mit den hinteren R\u00e4ngen bei dem Thema scheinen viele zufrieden. \u00d6ffentlichkeitswirksame PR-Aktionen wie die unl\u00e4ngst veranstaltete 1. Regionale Klimakonferenz erscheinen als ausreichender Ersatz f\u00fcr echtes Handeln.<br>Die Vorg\u00e4nge im Rhein-Neckar-Umweltausschuss diese Woche machen ein weiteres Mal deutlich: Es gibt nach wie vor zuviele Menschen in den Entscheidergremien, die das Thema Klimaschutz f\u00fcr optional halten und die nicht bereit sind, konsequent darauf zu dr\u00e4ngen, dass auch unsere Region endlich ihrer Verantwortung gerecht wird, statt dies nur in Sonntagsreden zu erkl\u00e4ren. Und es braucht starke Gr\u00fcne am Tisch, wenn sich daran bald etwas \u00e4ndern soll.<\/p>\n","protected":false},"excerpt":{"rendered":"<p>Kreistags-Umweltausschuss nimmt einem gemeinsamen Antrag von CDU, FDP und Freien W\u00e4hlern folgend beim Klimaschutz Tempo raus Bei der Sitzung des Umweltausschuss des Rhein-Neckar-Kreises am Dienstag 12.November hat sich eine Mehrheit [&hellip;]<\/p>\n","protected":false},"author":-1,"featured_media":1883,"comment_status":"open","ping_status":"open","sticky":false,"template":"","format":"standard","meta":{"footnotes":""},"categories":[1],"tags":[],"class_list":["post-1882","post","type-post","status-publish","format-standard","has-post-thumbnail","hentry","category-uncategorized"],"yoast_head":"<!-- This site is optimized with the Yoast SEO plugin v27.2 - https:\/\/yoast.com\/product\/yoast-seo-wordpress\/ -->\n<title>Klimaschutz? Rhein-Neckar-Kreis gibt sich nochmal zehn Jahre mehr Zeit! - Gr\u00fcne Kreistagsfraktion Rhein-Neckar<\/title>\n<meta name=\"robots\" content=\"index, follow, max-snippet:-1, max-image-preview:large, max-video-preview:-1\" \/>\n<link rel=\"canonical\" href=\"https:\/\/gruene-kreistag-rnk.de\/index.php\/2024\/11\/14\/klimaschutz-rhein-neckar-kreis-gibt-sich-nochmal-zehn-jahre-mehr-zeit\/\" \/>\n<meta property=\"og:locale\" content=\"de_DE\" \/>\n<meta property=\"og:type\" content=\"article\" \/>\n<meta property=\"og:title\" content=\"Klimaschutz? Rhein-Neckar-Kreis gibt sich nochmal zehn Jahre mehr Zeit! - Gr\u00fcne Kreistagsfraktion Rhein-Neckar\" \/>\n<meta property=\"og:description\" content=\"Kreistags-Umweltausschuss nimmt einem gemeinsamen Antrag von CDU, FDP und Freien W\u00e4hlern folgend beim Klimaschutz Tempo raus Bei der Sitzung des Umweltausschuss des Rhein-Neckar-Kreises am Dienstag 12.November hat sich eine Mehrheit [&hellip;]\" \/>\n<meta property=\"og:url\" content=\"https:\/\/gruene-kreistag-rnk.de\/index.php\/2024\/11\/14\/klimaschutz-rhein-neckar-kreis-gibt-sich-nochmal-zehn-jahre-mehr-zeit\/\" \/>\n<meta property=\"og:site_name\" content=\"Gr\u00fcne Kreistagsfraktion Rhein-Neckar\" \/>\n<meta property=\"article:published_time\" content=\"2024-11-14T08:38:07+00:00\" \/>\n<meta property=\"article:modified_time\" content=\"2024-11-14T13:08:16+00:00\" \/>\n<meta property=\"og:image\" content=\"https:\/\/gruene-kreistag-rnk.de\/wp-content\/uploads\/2024\/11\/Waermebild-Martin-Abegglen-auf-Flickr-CC-BY-SA-2.0.jpg\" \/>\n\t<meta property=\"og:image:width\" content=\"799\" \/>\n\t<meta property=\"og:image:height\" content=\"532\" \/>\n\t<meta property=\"og:image:type\" content=\"image\/jpeg\" \/>\n<meta name=\"author\" content=\"Stefan Gei\u00dfler\" \/>\n<meta name=\"twitter:card\" content=\"summary_large_image\" \/>\n<meta name=\"twitter:label1\" content=\"Verfasst von\" \/>\n\t<meta name=\"twitter:data1\" content=\"Stefan Gei\u00dfler\" \/>\n\t<meta name=\"twitter:label2\" content=\"Gesch\u00e4tzte Lesezeit\" \/>\n\t<meta name=\"twitter:data2\" content=\"4\u00a0Minuten\" \/>\n<script type=\"application\/ld+json\" class=\"yoast-schema-graph\">{\"@context\":\"https:\/\/schema.org\",\"@graph\":[{\"@type\":\"Article\",\"@id\":\"https:\/\/gruene-kreistag-rnk.de\/index.php\/2024\/11\/14\/klimaschutz-rhein-neckar-kreis-gibt-sich-nochmal-zehn-jahre-mehr-zeit\/#article\",\"isPartOf\":{\"@id\":\"https:\/\/gruene-kreistag-rnk.de\/index.php\/2024\/11\/14\/klimaschutz-rhein-neckar-kreis-gibt-sich-nochmal-zehn-jahre-mehr-zeit\/\"},\"author\":{\"name\":\"Stefan Gei\u00dfler\",\"@id\":\"https:\/\/gruene-kreistag-rnk.de\/#\/schema\/person\/eabf3cb97168ab5316a8e7e901afa20a\"},\"headline\":\"Klimaschutz? Rhein-Neckar-Kreis gibt sich nochmal zehn Jahre mehr Zeit!\",\"datePublished\":\"2024-11-14T08:38:07+00:00\",\"dateModified\":\"2024-11-14T13:08:16+00:00\",\"mainEntityOfPage\":{\"@id\":\"https:\/\/gruene-kreistag-rnk.de\/index.php\/2024\/11\/14\/klimaschutz-rhein-neckar-kreis-gibt-sich-nochmal-zehn-jahre-mehr-zeit\/\"},\"wordCount\":606,\"commentCount\":0,\"image\":{\"@id\":\"https:\/\/gruene-kreistag-rnk.de\/index.php\/2024\/11\/14\/klimaschutz-rhein-neckar-kreis-gibt-sich-nochmal-zehn-jahre-mehr-zeit\/#primaryimage\"},\"thumbnailUrl\":\"https:\/\/gruene-kreistag-rnk.de\/wp-content\/uploads\/2024\/11\/Waermebild-Martin-Abegglen-auf-Flickr-CC-BY-SA-2.0.jpg\",\"articleSection\":[\"Sonstiges\"],\"inLanguage\":\"de\",\"potentialAction\":[{\"@type\":\"CommentAction\",\"name\":\"Comment\",\"target\":[\"https:\/\/gruene-kreistag-rnk.de\/index.php\/2024\/11\/14\/klimaschutz-rhein-neckar-kreis-gibt-sich-nochmal-zehn-jahre-mehr-zeit\/#respond\"]}]},{\"@type\":\"WebPage\",\"@id\":\"https:\/\/gruene-kreistag-rnk.de\/index.php\/2024\/11\/14\/klimaschutz-rhein-neckar-kreis-gibt-sich-nochmal-zehn-jahre-mehr-zeit\/\",\"url\":\"https:\/\/gruene-kreistag-rnk.de\/index.php\/2024\/11\/14\/klimaschutz-rhein-neckar-kreis-gibt-sich-nochmal-zehn-jahre-mehr-zeit\/\",\"name\":\"Klimaschutz? Rhein-Neckar-Kreis gibt sich nochmal zehn Jahre mehr Zeit! - Gr\u00fcne Kreistagsfraktion Rhein-Neckar\",\"isPartOf\":{\"@id\":\"https:\/\/gruene-kreistag-rnk.de\/#website\"},\"primaryImageOfPage\":{\"@id\":\"https:\/\/gruene-kreistag-rnk.de\/index.php\/2024\/11\/14\/klimaschutz-rhein-neckar-kreis-gibt-sich-nochmal-zehn-jahre-mehr-zeit\/#primaryimage\"},\"image\":{\"@id\":\"https:\/\/gruene-kreistag-rnk.de\/index.php\/2024\/11\/14\/klimaschutz-rhein-neckar-kreis-gibt-sich-nochmal-zehn-jahre-mehr-zeit\/#primaryimage\"},\"thumbnailUrl\":\"https:\/\/gruene-kreistag-rnk.de\/wp-content\/uploads\/2024\/11\/Waermebild-Martin-Abegglen-auf-Flickr-CC-BY-SA-2.0.jpg\",\"datePublished\":\"2024-11-14T08:38:07+00:00\",\"dateModified\":\"2024-11-14T13:08:16+00:00\",\"author\":{\"@id\":\"https:\/\/gruene-kreistag-rnk.de\/#\/schema\/person\/eabf3cb97168ab5316a8e7e901afa20a\"},\"breadcrumb\":{\"@id\":\"https:\/\/gruene-kreistag-rnk.de\/index.php\/2024\/11\/14\/klimaschutz-rhein-neckar-kreis-gibt-sich-nochmal-zehn-jahre-mehr-zeit\/#breadcrumb\"},\"inLanguage\":\"de\",\"potentialAction\":[{\"@type\":\"ReadAction\",\"target\":[\"https:\/\/gruene-kreistag-rnk.de\/index.php\/2024\/11\/14\/klimaschutz-rhein-neckar-kreis-gibt-sich-nochmal-zehn-jahre-mehr-zeit\/\"]}]},{\"@type\":\"ImageObject\",\"inLanguage\":\"de\",\"@id\":\"https:\/\/gruene-kreistag-rnk.de\/index.php\/2024\/11\/14\/klimaschutz-rhein-neckar-kreis-gibt-sich-nochmal-zehn-jahre-mehr-zeit\/#primaryimage\",\"url\":\"https:\/\/gruene-kreistag-rnk.de\/wp-content\/uploads\/2024\/11\/Waermebild-Martin-Abegglen-auf-Flickr-CC-BY-SA-2.0.jpg\",\"contentUrl\":\"https:\/\/gruene-kreistag-rnk.de\/wp-content\/uploads\/2024\/11\/Waermebild-Martin-Abegglen-auf-Flickr-CC-BY-SA-2.0.jpg\",\"width\":799,\"height\":532,\"caption\":\"Bei der Geb\u00e4udesanierung nimmt der Rhein-Neckar-Kreis gem\u00e4\u00df einem CDU Antrag wieder Tempo raus. (Bild: Martin Abegglen auf Flickr, CC-BY-SA-2.0)\"},{\"@type\":\"BreadcrumbList\",\"@id\":\"https:\/\/gruene-kreistag-rnk.de\/index.php\/2024\/11\/14\/klimaschutz-rhein-neckar-kreis-gibt-sich-nochmal-zehn-jahre-mehr-zeit\/#breadcrumb\",\"itemListElement\":[{\"@type\":\"ListItem\",\"position\":1,\"name\":\"Startseite\",\"item\":\"https:\/\/gruene-kreistag-rnk.de\/\"},{\"@type\":\"ListItem\",\"position\":2,\"name\":\"Klimaschutz? Rhein-Neckar-Kreis gibt sich nochmal zehn Jahre mehr Zeit!\"}]},{\"@type\":\"WebSite\",\"@id\":\"https:\/\/gruene-kreistag-rnk.de\/#website\",\"url\":\"https:\/\/gruene-kreistag-rnk.de\/\",\"name\":\"Gr\u00fcne Kreistagsfraktion Rhein-Neckar\",\"description\":\"\",\"potentialAction\":[{\"@type\":\"SearchAction\",\"target\":{\"@type\":\"EntryPoint\",\"urlTemplate\":\"https:\/\/gruene-kreistag-rnk.de\/?s={search_term_string}\"},\"query-input\":{\"@type\":\"PropertyValueSpecification\",\"valueRequired\":true,\"valueName\":\"search_term_string\"}}],\"inLanguage\":\"de\"},{\"@type\":\"Person\",\"@id\":\"https:\/\/gruene-kreistag-rnk.de\/#\/schema\/person\/eabf3cb97168ab5316a8e7e901afa20a\",\"name\":\"Stefan Gei\u00dfler\",\"image\":{\"@type\":\"ImageObject\",\"inLanguage\":\"de\",\"@id\":\"https:\/\/secure.gravatar.com\/avatar\/26551b13adeac37998f7b2eb2ada6d7ecf3168b7abc1bc9cc5d42198fd38bd1a?s=96&d=mm&r=g\",\"url\":\"https:\/\/secure.gravatar.com\/avatar\/26551b13adeac37998f7b2eb2ada6d7ecf3168b7abc1bc9cc5d42198fd38bd1a?s=96&d=mm&r=g\",\"contentUrl\":\"https:\/\/secure.gravatar.com\/avatar\/26551b13adeac37998f7b2eb2ada6d7ecf3168b7abc1bc9cc5d42198fd38bd1a?s=96&d=mm&r=g\",\"caption\":\"Stefan Gei\u00dfler\"},\"url\":\"https:\/\/gruene-kreistag-rnk.de\/index.php\/author\/stefan\/\"}]}<\/script>\n<!-- \/ Yoast SEO plugin. -->","yoast_head_json":{"title":"Klimaschutz? Rhein-Neckar-Kreis gibt sich nochmal zehn Jahre mehr Zeit! - Gr\u00fcne Kreistagsfraktion Rhein-Neckar","robots":{"index":"index","follow":"follow","max-snippet":"max-snippet:-1","max-image-preview":"max-image-preview:large","max-video-preview":"max-video-preview:-1"},"canonical":"https:\/\/gruene-kreistag-rnk.de\/index.php\/2024\/11\/14\/klimaschutz-rhein-neckar-kreis-gibt-sich-nochmal-zehn-jahre-mehr-zeit\/","og_locale":"de_DE","og_type":"article","og_title":"Klimaschutz? Rhein-Neckar-Kreis gibt sich nochmal zehn Jahre mehr Zeit! - Gr\u00fcne Kreistagsfraktion Rhein-Neckar","og_description":"Kreistags-Umweltausschuss nimmt einem gemeinsamen Antrag von CDU, FDP und Freien W\u00e4hlern folgend beim Klimaschutz Tempo raus Bei der Sitzung des Umweltausschuss des Rhein-Neckar-Kreises am Dienstag 12.November hat sich eine Mehrheit [&hellip;]","og_url":"https:\/\/gruene-kreistag-rnk.de\/index.php\/2024\/11\/14\/klimaschutz-rhein-neckar-kreis-gibt-sich-nochmal-zehn-jahre-mehr-zeit\/","og_site_name":"Gr\u00fcne Kreistagsfraktion Rhein-Neckar","article_published_time":"2024-11-14T08:38:07+00:00","article_modified_time":"2024-11-14T13:08:16+00:00","og_image":[{"width":799,"height":532,"url":"https:\/\/gruene-kreistag-rnk.de\/wp-content\/uploads\/2024\/11\/Waermebild-Martin-Abegglen-auf-Flickr-CC-BY-SA-2.0.jpg","type":"image\/jpeg"}],"author":"Stefan Gei\u00dfler","twitter_card":"summary_large_image","twitter_misc":{"Verfasst von":"Stefan Gei\u00dfler","Gesch\u00e4tzte Lesezeit":"4\u00a0Minuten"},"schema":{"@context":"https:\/\/schema.org","@graph":[{"@type":"Article","@id":"https:\/\/gruene-kreistag-rnk.de\/index.php\/2024\/11\/14\/klimaschutz-rhein-neckar-kreis-gibt-sich-nochmal-zehn-jahre-mehr-zeit\/#article","isPartOf":{"@id":"https:\/\/gruene-kreistag-rnk.de\/index.php\/2024\/11\/14\/klimaschutz-rhein-neckar-kreis-gibt-sich-nochmal-zehn-jahre-mehr-zeit\/"},"author":{"name":"Stefan Gei\u00dfler","@id":"https:\/\/gruene-kreistag-rnk.de\/#\/schema\/person\/eabf3cb97168ab5316a8e7e901afa20a"},"headline":"Klimaschutz? Rhein-Neckar-Kreis gibt sich nochmal zehn Jahre mehr Zeit!","datePublished":"2024-11-14T08:38:07+00:00","dateModified":"2024-11-14T13:08:16+00:00","mainEntityOfPage":{"@id":"https:\/\/gruene-kreistag-rnk.de\/index.php\/2024\/11\/14\/klimaschutz-rhein-neckar-kreis-gibt-sich-nochmal-zehn-jahre-mehr-zeit\/"},"wordCount":606,"commentCount":0,"image":{"@id":"https:\/\/gruene-kreistag-rnk.de\/index.php\/2024\/11\/14\/klimaschutz-rhein-neckar-kreis-gibt-sich-nochmal-zehn-jahre-mehr-zeit\/#primaryimage"},"thumbnailUrl":"https:\/\/gruene-kreistag-rnk.de\/wp-content\/uploads\/2024\/11\/Waermebild-Martin-Abegglen-auf-Flickr-CC-BY-SA-2.0.jpg","articleSection":["Sonstiges"],"inLanguage":"de","potentialAction":[{"@type":"CommentAction","name":"Comment","target":["https:\/\/gruene-kreistag-rnk.de\/index.php\/2024\/11\/14\/klimaschutz-rhein-neckar-kreis-gibt-sich-nochmal-zehn-jahre-mehr-zeit\/#respond"]}]},{"@type":"WebPage","@id":"https:\/\/gruene-kreistag-rnk.de\/index.php\/2024\/11\/14\/klimaschutz-rhein-neckar-kreis-gibt-sich-nochmal-zehn-jahre-mehr-zeit\/","url":"https:\/\/gruene-kreistag-rnk.de\/index.php\/2024\/11\/14\/klimaschutz-rhein-neckar-kreis-gibt-sich-nochmal-zehn-jahre-mehr-zeit\/","name":"Klimaschutz? Rhein-Neckar-Kreis gibt sich nochmal zehn Jahre mehr Zeit! - Gr\u00fcne Kreistagsfraktion Rhein-Neckar","isPartOf":{"@id":"https:\/\/gruene-kreistag-rnk.de\/#website"},"primaryImageOfPage":{"@id":"https:\/\/gruene-kreistag-rnk.de\/index.php\/2024\/11\/14\/klimaschutz-rhein-neckar-kreis-gibt-sich-nochmal-zehn-jahre-mehr-zeit\/#primaryimage"},"image":{"@id":"https:\/\/gruene-kreistag-rnk.de\/index.php\/2024\/11\/14\/klimaschutz-rhein-neckar-kreis-gibt-sich-nochmal-zehn-jahre-mehr-zeit\/#primaryimage"},"thumbnailUrl":"https:\/\/gruene-kreistag-rnk.de\/wp-content\/uploads\/2024\/11\/Waermebild-Martin-Abegglen-auf-Flickr-CC-BY-SA-2.0.jpg","datePublished":"2024-11-14T08:38:07+00:00","dateModified":"2024-11-14T13:08:16+00:00","author":{"@id":"https:\/\/gruene-kreistag-rnk.de\/#\/schema\/person\/eabf3cb97168ab5316a8e7e901afa20a"},"breadcrumb":{"@id":"https:\/\/gruene-kreistag-rnk.de\/index.php\/2024\/11\/14\/klimaschutz-rhein-neckar-kreis-gibt-sich-nochmal-zehn-jahre-mehr-zeit\/#breadcrumb"},"inLanguage":"de","potentialAction":[{"@type":"ReadAction","target":["https:\/\/gruene-kreistag-rnk.de\/index.php\/2024\/11\/14\/klimaschutz-rhein-neckar-kreis-gibt-sich-nochmal-zehn-jahre-mehr-zeit\/"]}]},{"@type":"ImageObject","inLanguage":"de","@id":"https:\/\/gruene-kreistag-rnk.de\/index.php\/2024\/11\/14\/klimaschutz-rhein-neckar-kreis-gibt-sich-nochmal-zehn-jahre-mehr-zeit\/#primaryimage","url":"https:\/\/gruene-kreistag-rnk.de\/wp-content\/uploads\/2024\/11\/Waermebild-Martin-Abegglen-auf-Flickr-CC-BY-SA-2.0.jpg","contentUrl":"https:\/\/gruene-kreistag-rnk.de\/wp-content\/uploads\/2024\/11\/Waermebild-Martin-Abegglen-auf-Flickr-CC-BY-SA-2.0.jpg","width":799,"height":532,"caption":"Bei der Geb\u00e4udesanierung nimmt der Rhein-Neckar-Kreis gem\u00e4\u00df einem CDU Antrag wieder Tempo raus. (Bild: Martin Abegglen auf Flickr, CC-BY-SA-2.0)"},{"@type":"BreadcrumbList","@id":"https:\/\/gruene-kreistag-rnk.de\/index.php\/2024\/11\/14\/klimaschutz-rhein-neckar-kreis-gibt-sich-nochmal-zehn-jahre-mehr-zeit\/#breadcrumb","itemListElement":[{"@type":"ListItem","position":1,"name":"Startseite","item":"https:\/\/gruene-kreistag-rnk.de\/"},{"@type":"ListItem","position":2,"name":"Klimaschutz? Rhein-Neckar-Kreis gibt sich nochmal zehn Jahre mehr Zeit!"}]},{"@type":"WebSite","@id":"https:\/\/gruene-kreistag-rnk.de\/#website","url":"https:\/\/gruene-kreistag-rnk.de\/","name":"Gr\u00fcne Kreistagsfraktion Rhein-Neckar","description":"","potentialAction":[{"@type":"SearchAction","target":{"@type":"EntryPoint","urlTemplate":"https:\/\/gruene-kreistag-rnk.de\/?s={search_term_string}"},"query-input":{"@type":"PropertyValueSpecification","valueRequired":true,"valueName":"search_term_string"}}],"inLanguage":"de"},{"@type":"Person","@id":"https:\/\/gruene-kreistag-rnk.de\/#\/schema\/person\/eabf3cb97168ab5316a8e7e901afa20a","name":"Stefan Gei\u00dfler","image":{"@type":"ImageObject","inLanguage":"de","@id":"https:\/\/secure.gravatar.com\/avatar\/26551b13adeac37998f7b2eb2ada6d7ecf3168b7abc1bc9cc5d42198fd38bd1a?s=96&d=mm&r=g","url":"https:\/\/secure.gravatar.com\/avatar\/26551b13adeac37998f7b2eb2ada6d7ecf3168b7abc1bc9cc5d42198fd38bd1a?s=96&d=mm&r=g","contentUrl":"https:\/\/secure.gravatar.com\/avatar\/26551b13adeac37998f7b2eb2ada6d7ecf3168b7abc1bc9cc5d42198fd38bd1a?s=96&d=mm&r=g","caption":"Stefan Gei\u00dfler"},"url":"https:\/\/gruene-kreistag-rnk.de\/index.php\/author\/stefan\/"}]}},"_links":{"self":[{"href":"https:\/\/gruene-kreistag-rnk.de\/index.php\/wp-json\/wp\/v2\/posts\/1882","targetHints":{"allow":["GET"]}}],"collection":[{"href":"https:\/\/gruene-kreistag-rnk.de\/index.php\/wp-json\/wp\/v2\/posts"}],"about":[{"href":"https:\/\/gruene-kreistag-rnk.de\/index.php\/wp-json\/wp\/v2\/types\/post"}],"author":[{"embeddable":true,"href":"https:\/\/gruene-kreistag-rnk.de\/index.php\/wp-json\/wp\/v2\/users\/2"}],"replies":[{"embeddable":true,"href":"https:\/\/gruene-kreistag-rnk.de\/index.php\/wp-json\/wp\/v2\/comments?post=1882"}],"version-history":[{"count":2,"href":"https:\/\/gruene-kreistag-rnk.de\/index.php\/wp-json\/wp\/v2\/posts\/1882\/revisions"}],"predecessor-version":[{"id":1885,"href":"https:\/\/gruene-kreistag-rnk.de\/index.php\/wp-json\/wp\/v2\/posts\/1882\/revisions\/1885"}],"wp:featuredmedia":[{"embeddable":true,"href":"https:\/\/gruene-kreistag-rnk.de\/index.php\/wp-json\/wp\/v2\/media\/1883"}],"wp:attachment":[{"href":"https:\/\/gruene-kreistag-rnk.de\/index.php\/wp-json\/wp\/v2\/media?parent=1882"}],"wp:term":[{"taxonomy":"category","embeddable":true,"href":"https:\/\/gruene-kreistag-rnk.de\/index.php\/wp-json\/wp\/v2\/categories?post=1882"},{"taxonomy":"post_tag","embeddable":true,"href":"https:\/\/gruene-kreistag-rnk.de\/index.php\/wp-json\/wp\/v2\/tags?post=1882"}],"curies":[{"name":"wp","href":"https:\/\/api.w.org\/{rel}","templated":true}]}}