{"id":2286,"date":"2026-04-30T15:26:43","date_gmt":"2026-04-30T14:26:43","guid":{"rendered":"https:\/\/gruene-kreistag-rnk.de\/?p=2286"},"modified":"2026-04-30T15:32:27","modified_gmt":"2026-04-30T14:32:27","slug":"sitzung-des-kreistags-28-april-2026-kreistagssitzung-rede-von-adolf-haerdle-zur-steinsbergschule-in-sinsheim","status":"publish","type":"post","link":"https:\/\/gruene-kreistag-rnk.de\/index.php\/2026\/04\/30\/sitzung-des-kreistags-28-april-2026-kreistagssitzung-rede-von-adolf-haerdle-zur-steinsbergschule-in-sinsheim\/","title":{"rendered":"Sitzung des Kreistags 28.April.2026 Kreistagssitzung  &#8211; Rede von Adolf H\u00e4rdle zur Steinsbergschule in Sinsheim"},"content":{"rendered":"\n<p><\/p>\n\n\n<p><strong>Heute ist ein guter Tag<\/strong> <br \/>Heute ist ein guter Tag &#8230; f\u00fcr uns &#8230; f\u00fcr den Rhein-Neckar-Kreis &#8230; die Stadt Sinsheim <br \/>&#8230; f\u00fcr die Kinder und Jugendlichen &#8230; f\u00fcr die Schulgemeinschaft in Sinsheim. <br \/>Diese Aussage treffe ich, obwohl die genehmigten Kosten von 19.000.000\u20ac in der <br \/>Schlussrechnung um 1.122.259\u20ac gestiegen sind. <br \/>Die Tatsache, dass die Fraktionen in der heutigen Sitzung des Kreistages zu diesem <br \/>Tagesordnungspunkt nochmals Stellung nehmen, zeigt unsere Ernsthaftigkeit.<\/p>\n<p><strong>Festzuhalten ist &#8230;<\/strong> <br \/>In den Gremien des Rhein-Neckar-Kreises \u2013 Ausschuss f\u00fcr Schule, Kultur und Sport <br \/>am 14.07.2020, im Kreistag am 28.07.2020 &#8211; erfolgte die Zustimmung der Ent-<br \/>wurfsplanung. <br \/>Die im Sommer 2021 erfolgten Ausschreibungen ergaben ein Ergebnis der Ausschreibung in H\u00f6he von 1,8 Mio \u20ac Mehrkosten Der Verwaltungs- und Finanzausschuss hat sich damit befasst. Die Auswirkungen der Corona-Pandemie, durch den Ukraine-Krieg verursachte steigende Bau- und Energiepreise, Schwierigkeiten in den Lieferkettengestiegene Inflation f\u00fchrten letztlich in Summe zu weiteren Mehrkosten in H\u00f6he von 3, 2 Mio \u20ac.<\/p>\n<p>Die Verantwortlichen von unserem Eigenbetrieb Bau, Verm\u00f6gen und Informationstechnik und hier insbesondere Herr Ralf Schmidt haben durchg\u00e4ngig transparent und nachvollziehbar \u00fcber die jeweiligen Entwicklungen informiert und wir haben diese zur Kenntnis genommen.\u00a0<\/p>\n\n\n<p><strong>Heute ist ein guter Tag<\/strong> \u2026 Wir setzen ein Signal f\u00fcr die Schule<br>Auch \u2026 Wir setzen ein Signal f\u00fcr die Schule: Ihre Arbeit ist unverzichtbar und hat eine hohe gesellschaftliche Bedeutung. Ein Blick in die Homepage der Schule empfiehlt sich.<\/p>\n\n\n\n<p>Der Sachverhaltsdarstellung in der Vorlage ist zu entnehmen: <br>Planungsgrundlagen waren neben der Raumplanung des Regpr\u00e4s die Klimaschutzleitlinien des Rhein-Neckar-Kreises und die Vorgaben des Nachhaltigen Bauen BW (NBBW). \u201e<em>Das Bauwerk wurde in Holzbauweise im Passivhaus-Plus Standard ausgef\u00fchrt \u2026<\/em>\u201c, \u201e<em>ein begr\u00fcntes Flachdach mit einer PV-Anlage<\/em>\u201c \u2026 wurde<br>\u201eerrichtet\u201c. Zitat aus der Vorlage.<\/p>\n\n\n\n<p>In  diesem  Sinne  k\u00f6nnen  wir  weiter  bei  zuk\u00fcnftigen  Bauvorhaben  gemeinsam verantwortlich handeln.  <br>Dank und Anerkennung geb\u00fchrt ihnen Herr Landrat Dallinger, f\u00fcr ihre pragmatische und  auch  gezielte  Unterst\u00fctzung,  wenn  es  um  die  Umsetzung  der  Klimaleitlinien ging. Dank auch an Sie, Herr Schmidt f\u00fcr die geleistete professionelle Arbeit. <br>Wir gehen fest davon aus, dass die Klimaleitlinien und deren Umsetzung weiterhin unser  gemeinsames  Anliegen  sein  wird  und  freuen  uns  in  diesem  Sinne  auf  die  k\u00fcnftige  Zusammenarbeit  mit  ihnen  liebe  Kreistagskolleg:innen  und  insbesondere mit ihnen Herr Just. <\/p>\n\n\n\n<p><strong>Abschlie\u00dfende Feststellung: <\/strong><br>Wir haben uns alle in verantwortlicher Weise den Realit\u00e4ten des Lebens gestellt und k\u00f6nnen heute zu der abschlie\u00dfenden Kostenfeststellung stehen.<br>Dem Beschlussvorschlag stimmen wir zu und anerkennen die Gesamtkosten f\u00fcr den Neubau des Sonderp\u00e4dagogischen Bildungs- und Beratungszentrums Steinsbergschule mit integriertem Kindergarten Sinsheim in H\u00f6he von 21.022.259,75 \u20ac.<\/p>\n\n\n\n<p>Adolf H\u00e4rdle Heddesheim, 28. April 2026<\/p>\n\n\n\n<p><\/p>\n","protected":false},"excerpt":{"rendered":"<p>Heute ist ein guter Tag Heute ist ein guter Tag &#8230; f\u00fcr uns &#8230; f\u00fcr den Rhein-Neckar-Kreis &#8230; die Stadt Sinsheim &#8230; f\u00fcr die Kinder und Jugendlichen &#8230; f\u00fcr die [&hellip;]<\/p>\n","protected":false},"author":-1,"featured_media":2287,"comment_status":"open","ping_status":"open","sticky":false,"template":"","format":"standard","meta":{"footnotes":""},"categories":[1],"tags":[],"class_list":["post-2286","post","type-post","status-publish","format-standard","has-post-thumbnail","hentry","category-uncategorized"],"yoast_head":"<!-- This site is optimized with the Yoast SEO plugin v27.5 - https:\/\/yoast.com\/product\/yoast-seo-wordpress\/ -->\n<title>Sitzung des Kreistags 28.April.2026 Kreistagssitzung - Rede von Adolf H\u00e4rdle zur Steinsbergschule in Sinsheim - Gr\u00fcne Kreistagsfraktion Rhein-Neckar<\/title>\n<meta name=\"robots\" content=\"index, follow, max-snippet:-1, max-image-preview:large, max-video-preview:-1\" \/>\n<link rel=\"canonical\" href=\"https:\/\/gruene-kreistag-rnk.de\/index.php\/2026\/04\/30\/sitzung-des-kreistags-28-april-2026-kreistagssitzung-rede-von-adolf-haerdle-zur-steinsbergschule-in-sinsheim\/\" \/>\n<meta property=\"og:locale\" content=\"de_DE\" \/>\n<meta property=\"og:type\" content=\"article\" \/>\n<meta property=\"og:title\" content=\"Sitzung des Kreistags 28.April.2026 Kreistagssitzung - Rede von Adolf H\u00e4rdle zur Steinsbergschule in Sinsheim - Gr\u00fcne Kreistagsfraktion Rhein-Neckar\" \/>\n<meta property=\"og:description\" content=\"Heute ist ein guter Tag Heute ist ein guter Tag &#8230; f\u00fcr uns &#8230; f\u00fcr den Rhein-Neckar-Kreis &#8230; die Stadt Sinsheim &#8230; f\u00fcr die Kinder und Jugendlichen &#8230; f\u00fcr die [&hellip;]\" \/>\n<meta property=\"og:url\" content=\"https:\/\/gruene-kreistag-rnk.de\/index.php\/2026\/04\/30\/sitzung-des-kreistags-28-april-2026-kreistagssitzung-rede-von-adolf-haerdle-zur-steinsbergschule-in-sinsheim\/\" \/>\n<meta property=\"og:site_name\" content=\"Gr\u00fcne Kreistagsfraktion Rhein-Neckar\" \/>\n<meta property=\"article:published_time\" content=\"2026-04-30T14:26:43+00:00\" \/>\n<meta property=\"article:modified_time\" content=\"2026-04-30T14:32:27+00:00\" \/>\n<meta property=\"og:image\" content=\"https:\/\/gruene-kreistag-rnk.de\/wp-content\/uploads\/2026\/04\/260428_Haerdle_Rednerpult_Kreistag.jpeg\" \/>\n\t<meta property=\"og:image:width\" content=\"2048\" \/>\n\t<meta property=\"og:image:height\" content=\"1536\" \/>\n\t<meta property=\"og:image:type\" content=\"image\/jpeg\" \/>\n<meta name=\"author\" content=\"Gerhard Gebhard\" \/>\n<meta name=\"twitter:card\" content=\"summary_large_image\" \/>\n<meta name=\"twitter:label1\" content=\"Verfasst von\" \/>\n\t<meta name=\"twitter:data1\" content=\"Gerhard Gebhard\" \/>\n\t<meta name=\"twitter:label2\" content=\"Gesch\u00e4tzte Lesezeit\" \/>\n\t<meta name=\"twitter:data2\" content=\"3\u00a0Minuten\" \/>\n<script type=\"application\/ld+json\" class=\"yoast-schema-graph\">{\"@context\":\"https:\\\/\\\/schema.org\",\"@graph\":[{\"@type\":\"Article\",\"@id\":\"https:\\\/\\\/gruene-kreistag-rnk.de\\\/index.php\\\/2026\\\/04\\\/30\\\/sitzung-des-kreistags-28-april-2026-kreistagssitzung-rede-von-adolf-haerdle-zur-steinsbergschule-in-sinsheim\\\/#article\",\"isPartOf\":{\"@id\":\"https:\\\/\\\/gruene-kreistag-rnk.de\\\/index.php\\\/2026\\\/04\\\/30\\\/sitzung-des-kreistags-28-april-2026-kreistagssitzung-rede-von-adolf-haerdle-zur-steinsbergschule-in-sinsheim\\\/\"},\"author\":{\"name\":\"Gerhard Gebhard\",\"@id\":\"https:\\\/\\\/gruene-kreistag-rnk.de\\\/#\\\/schema\\\/person\\\/51fb190f10efe8983d1931ea7182ee6f\"},\"headline\":\"Sitzung des Kreistags 28.April.2026 Kreistagssitzung &#8211; Rede von Adolf H\u00e4rdle zur Steinsbergschule in Sinsheim\",\"datePublished\":\"2026-04-30T14:26:43+00:00\",\"dateModified\":\"2026-04-30T14:32:27+00:00\",\"mainEntityOfPage\":{\"@id\":\"https:\\\/\\\/gruene-kreistag-rnk.de\\\/index.php\\\/2026\\\/04\\\/30\\\/sitzung-des-kreistags-28-april-2026-kreistagssitzung-rede-von-adolf-haerdle-zur-steinsbergschule-in-sinsheim\\\/\"},\"wordCount\":435,\"commentCount\":0,\"image\":{\"@id\":\"https:\\\/\\\/gruene-kreistag-rnk.de\\\/index.php\\\/2026\\\/04\\\/30\\\/sitzung-des-kreistags-28-april-2026-kreistagssitzung-rede-von-adolf-haerdle-zur-steinsbergschule-in-sinsheim\\\/#primaryimage\"},\"thumbnailUrl\":\"https:\\\/\\\/gruene-kreistag-rnk.de\\\/wp-content\\\/uploads\\\/2026\\\/04\\\/260428_Haerdle_Rednerpult_Kreistag.jpeg\",\"articleSection\":[\"Sonstiges\"],\"inLanguage\":\"de\",\"potentialAction\":[{\"@type\":\"CommentAction\",\"name\":\"Comment\",\"target\":[\"https:\\\/\\\/gruene-kreistag-rnk.de\\\/index.php\\\/2026\\\/04\\\/30\\\/sitzung-des-kreistags-28-april-2026-kreistagssitzung-rede-von-adolf-haerdle-zur-steinsbergschule-in-sinsheim\\\/#respond\"]}]},{\"@type\":\"WebPage\",\"@id\":\"https:\\\/\\\/gruene-kreistag-rnk.de\\\/index.php\\\/2026\\\/04\\\/30\\\/sitzung-des-kreistags-28-april-2026-kreistagssitzung-rede-von-adolf-haerdle-zur-steinsbergschule-in-sinsheim\\\/\",\"url\":\"https:\\\/\\\/gruene-kreistag-rnk.de\\\/index.php\\\/2026\\\/04\\\/30\\\/sitzung-des-kreistags-28-april-2026-kreistagssitzung-rede-von-adolf-haerdle-zur-steinsbergschule-in-sinsheim\\\/\",\"name\":\"Sitzung des Kreistags 28.April.2026 Kreistagssitzung - Rede von Adolf H\u00e4rdle zur Steinsbergschule in Sinsheim - Gr\u00fcne Kreistagsfraktion Rhein-Neckar\",\"isPartOf\":{\"@id\":\"https:\\\/\\\/gruene-kreistag-rnk.de\\\/#website\"},\"primaryImageOfPage\":{\"@id\":\"https:\\\/\\\/gruene-kreistag-rnk.de\\\/index.php\\\/2026\\\/04\\\/30\\\/sitzung-des-kreistags-28-april-2026-kreistagssitzung-rede-von-adolf-haerdle-zur-steinsbergschule-in-sinsheim\\\/#primaryimage\"},\"image\":{\"@id\":\"https:\\\/\\\/gruene-kreistag-rnk.de\\\/index.php\\\/2026\\\/04\\\/30\\\/sitzung-des-kreistags-28-april-2026-kreistagssitzung-rede-von-adolf-haerdle-zur-steinsbergschule-in-sinsheim\\\/#primaryimage\"},\"thumbnailUrl\":\"https:\\\/\\\/gruene-kreistag-rnk.de\\\/wp-content\\\/uploads\\\/2026\\\/04\\\/260428_Haerdle_Rednerpult_Kreistag.jpeg\",\"datePublished\":\"2026-04-30T14:26:43+00:00\",\"dateModified\":\"2026-04-30T14:32:27+00:00\",\"author\":{\"@id\":\"https:\\\/\\\/gruene-kreistag-rnk.de\\\/#\\\/schema\\\/person\\\/51fb190f10efe8983d1931ea7182ee6f\"},\"breadcrumb\":{\"@id\":\"https:\\\/\\\/gruene-kreistag-rnk.de\\\/index.php\\\/2026\\\/04\\\/30\\\/sitzung-des-kreistags-28-april-2026-kreistagssitzung-rede-von-adolf-haerdle-zur-steinsbergschule-in-sinsheim\\\/#breadcrumb\"},\"inLanguage\":\"de\",\"potentialAction\":[{\"@type\":\"ReadAction\",\"target\":[\"https:\\\/\\\/gruene-kreistag-rnk.de\\\/index.php\\\/2026\\\/04\\\/30\\\/sitzung-des-kreistags-28-april-2026-kreistagssitzung-rede-von-adolf-haerdle-zur-steinsbergschule-in-sinsheim\\\/\"]}]},{\"@type\":\"ImageObject\",\"inLanguage\":\"de\",\"@id\":\"https:\\\/\\\/gruene-kreistag-rnk.de\\\/index.php\\\/2026\\\/04\\\/30\\\/sitzung-des-kreistags-28-april-2026-kreistagssitzung-rede-von-adolf-haerdle-zur-steinsbergschule-in-sinsheim\\\/#primaryimage\",\"url\":\"https:\\\/\\\/gruene-kreistag-rnk.de\\\/wp-content\\\/uploads\\\/2026\\\/04\\\/260428_Haerdle_Rednerpult_Kreistag.jpeg\",\"contentUrl\":\"https:\\\/\\\/gruene-kreistag-rnk.de\\\/wp-content\\\/uploads\\\/2026\\\/04\\\/260428_Haerdle_Rednerpult_Kreistag.jpeg\",\"width\":2048,\"height\":1536},{\"@type\":\"BreadcrumbList\",\"@id\":\"https:\\\/\\\/gruene-kreistag-rnk.de\\\/index.php\\\/2026\\\/04\\\/30\\\/sitzung-des-kreistags-28-april-2026-kreistagssitzung-rede-von-adolf-haerdle-zur-steinsbergschule-in-sinsheim\\\/#breadcrumb\",\"itemListElement\":[{\"@type\":\"ListItem\",\"position\":1,\"name\":\"Startseite\",\"item\":\"https:\\\/\\\/gruene-kreistag-rnk.de\\\/\"},{\"@type\":\"ListItem\",\"position\":2,\"name\":\"Sitzung des Kreistags 28.April.2026 Kreistagssitzung &#8211; Rede von Adolf H\u00e4rdle zur Steinsbergschule in Sinsheim\"}]},{\"@type\":\"WebSite\",\"@id\":\"https:\\\/\\\/gruene-kreistag-rnk.de\\\/#website\",\"url\":\"https:\\\/\\\/gruene-kreistag-rnk.de\\\/\",\"name\":\"Gr\u00fcne Kreistagsfraktion Rhein-Neckar\",\"description\":\"\",\"potentialAction\":[{\"@type\":\"SearchAction\",\"target\":{\"@type\":\"EntryPoint\",\"urlTemplate\":\"https:\\\/\\\/gruene-kreistag-rnk.de\\\/?s={search_term_string}\"},\"query-input\":{\"@type\":\"PropertyValueSpecification\",\"valueRequired\":true,\"valueName\":\"search_term_string\"}}],\"inLanguage\":\"de\"},{\"@type\":\"Person\",\"@id\":\"https:\\\/\\\/gruene-kreistag-rnk.de\\\/#\\\/schema\\\/person\\\/51fb190f10efe8983d1931ea7182ee6f\",\"name\":\"Gerhard Gebhard\",\"image\":{\"@type\":\"ImageObject\",\"inLanguage\":\"de\",\"@id\":\"https:\\\/\\\/secure.gravatar.com\\\/avatar\\\/6a879dc1c2d54852d557768c6bdc3bfcdb57487bdb2e3d7ea83f06e62564c62c?s=96&d=mm&r=g\",\"url\":\"https:\\\/\\\/secure.gravatar.com\\\/avatar\\\/6a879dc1c2d54852d557768c6bdc3bfcdb57487bdb2e3d7ea83f06e62564c62c?s=96&d=mm&r=g\",\"contentUrl\":\"https:\\\/\\\/secure.gravatar.com\\\/avatar\\\/6a879dc1c2d54852d557768c6bdc3bfcdb57487bdb2e3d7ea83f06e62564c62c?s=96&d=mm&r=g\",\"caption\":\"Gerhard Gebhard\"},\"url\":\"https:\\\/\\\/gruene-kreistag-rnk.de\\\/index.php\\\/author\\\/gebhard\\\/\"}]}<\/script>\n<!-- \/ Yoast SEO plugin. -->","yoast_head_json":{"title":"Sitzung des Kreistags 28.April.2026 Kreistagssitzung - Rede von Adolf H\u00e4rdle zur Steinsbergschule in Sinsheim - Gr\u00fcne Kreistagsfraktion Rhein-Neckar","robots":{"index":"index","follow":"follow","max-snippet":"max-snippet:-1","max-image-preview":"max-image-preview:large","max-video-preview":"max-video-preview:-1"},"canonical":"https:\/\/gruene-kreistag-rnk.de\/index.php\/2026\/04\/30\/sitzung-des-kreistags-28-april-2026-kreistagssitzung-rede-von-adolf-haerdle-zur-steinsbergschule-in-sinsheim\/","og_locale":"de_DE","og_type":"article","og_title":"Sitzung des Kreistags 28.April.2026 Kreistagssitzung - Rede von Adolf H\u00e4rdle zur Steinsbergschule in Sinsheim - Gr\u00fcne Kreistagsfraktion Rhein-Neckar","og_description":"Heute ist ein guter Tag Heute ist ein guter Tag &#8230; f\u00fcr uns &#8230; f\u00fcr den Rhein-Neckar-Kreis &#8230; die Stadt Sinsheim &#8230; f\u00fcr die Kinder und Jugendlichen &#8230; f\u00fcr die [&hellip;]","og_url":"https:\/\/gruene-kreistag-rnk.de\/index.php\/2026\/04\/30\/sitzung-des-kreistags-28-april-2026-kreistagssitzung-rede-von-adolf-haerdle-zur-steinsbergschule-in-sinsheim\/","og_site_name":"Gr\u00fcne Kreistagsfraktion Rhein-Neckar","article_published_time":"2026-04-30T14:26:43+00:00","article_modified_time":"2026-04-30T14:32:27+00:00","og_image":[{"width":2048,"height":1536,"url":"https:\/\/gruene-kreistag-rnk.de\/wp-content\/uploads\/2026\/04\/260428_Haerdle_Rednerpult_Kreistag.jpeg","type":"image\/jpeg"}],"author":"Gerhard Gebhard","twitter_card":"summary_large_image","twitter_misc":{"Verfasst von":"Gerhard Gebhard","Gesch\u00e4tzte Lesezeit":"3\u00a0Minuten"},"schema":{"@context":"https:\/\/schema.org","@graph":[{"@type":"Article","@id":"https:\/\/gruene-kreistag-rnk.de\/index.php\/2026\/04\/30\/sitzung-des-kreistags-28-april-2026-kreistagssitzung-rede-von-adolf-haerdle-zur-steinsbergschule-in-sinsheim\/#article","isPartOf":{"@id":"https:\/\/gruene-kreistag-rnk.de\/index.php\/2026\/04\/30\/sitzung-des-kreistags-28-april-2026-kreistagssitzung-rede-von-adolf-haerdle-zur-steinsbergschule-in-sinsheim\/"},"author":{"name":"Gerhard Gebhard","@id":"https:\/\/gruene-kreistag-rnk.de\/#\/schema\/person\/51fb190f10efe8983d1931ea7182ee6f"},"headline":"Sitzung des Kreistags 28.April.2026 Kreistagssitzung &#8211; Rede von Adolf H\u00e4rdle zur Steinsbergschule in Sinsheim","datePublished":"2026-04-30T14:26:43+00:00","dateModified":"2026-04-30T14:32:27+00:00","mainEntityOfPage":{"@id":"https:\/\/gruene-kreistag-rnk.de\/index.php\/2026\/04\/30\/sitzung-des-kreistags-28-april-2026-kreistagssitzung-rede-von-adolf-haerdle-zur-steinsbergschule-in-sinsheim\/"},"wordCount":435,"commentCount":0,"image":{"@id":"https:\/\/gruene-kreistag-rnk.de\/index.php\/2026\/04\/30\/sitzung-des-kreistags-28-april-2026-kreistagssitzung-rede-von-adolf-haerdle-zur-steinsbergschule-in-sinsheim\/#primaryimage"},"thumbnailUrl":"https:\/\/gruene-kreistag-rnk.de\/wp-content\/uploads\/2026\/04\/260428_Haerdle_Rednerpult_Kreistag.jpeg","articleSection":["Sonstiges"],"inLanguage":"de","potentialAction":[{"@type":"CommentAction","name":"Comment","target":["https:\/\/gruene-kreistag-rnk.de\/index.php\/2026\/04\/30\/sitzung-des-kreistags-28-april-2026-kreistagssitzung-rede-von-adolf-haerdle-zur-steinsbergschule-in-sinsheim\/#respond"]}]},{"@type":"WebPage","@id":"https:\/\/gruene-kreistag-rnk.de\/index.php\/2026\/04\/30\/sitzung-des-kreistags-28-april-2026-kreistagssitzung-rede-von-adolf-haerdle-zur-steinsbergschule-in-sinsheim\/","url":"https:\/\/gruene-kreistag-rnk.de\/index.php\/2026\/04\/30\/sitzung-des-kreistags-28-april-2026-kreistagssitzung-rede-von-adolf-haerdle-zur-steinsbergschule-in-sinsheim\/","name":"Sitzung des Kreistags 28.April.2026 Kreistagssitzung - Rede von Adolf H\u00e4rdle zur Steinsbergschule in Sinsheim - Gr\u00fcne Kreistagsfraktion Rhein-Neckar","isPartOf":{"@id":"https:\/\/gruene-kreistag-rnk.de\/#website"},"primaryImageOfPage":{"@id":"https:\/\/gruene-kreistag-rnk.de\/index.php\/2026\/04\/30\/sitzung-des-kreistags-28-april-2026-kreistagssitzung-rede-von-adolf-haerdle-zur-steinsbergschule-in-sinsheim\/#primaryimage"},"image":{"@id":"https:\/\/gruene-kreistag-rnk.de\/index.php\/2026\/04\/30\/sitzung-des-kreistags-28-april-2026-kreistagssitzung-rede-von-adolf-haerdle-zur-steinsbergschule-in-sinsheim\/#primaryimage"},"thumbnailUrl":"https:\/\/gruene-kreistag-rnk.de\/wp-content\/uploads\/2026\/04\/260428_Haerdle_Rednerpult_Kreistag.jpeg","datePublished":"2026-04-30T14:26:43+00:00","dateModified":"2026-04-30T14:32:27+00:00","author":{"@id":"https:\/\/gruene-kreistag-rnk.de\/#\/schema\/person\/51fb190f10efe8983d1931ea7182ee6f"},"breadcrumb":{"@id":"https:\/\/gruene-kreistag-rnk.de\/index.php\/2026\/04\/30\/sitzung-des-kreistags-28-april-2026-kreistagssitzung-rede-von-adolf-haerdle-zur-steinsbergschule-in-sinsheim\/#breadcrumb"},"inLanguage":"de","potentialAction":[{"@type":"ReadAction","target":["https:\/\/gruene-kreistag-rnk.de\/index.php\/2026\/04\/30\/sitzung-des-kreistags-28-april-2026-kreistagssitzung-rede-von-adolf-haerdle-zur-steinsbergschule-in-sinsheim\/"]}]},{"@type":"ImageObject","inLanguage":"de","@id":"https:\/\/gruene-kreistag-rnk.de\/index.php\/2026\/04\/30\/sitzung-des-kreistags-28-april-2026-kreistagssitzung-rede-von-adolf-haerdle-zur-steinsbergschule-in-sinsheim\/#primaryimage","url":"https:\/\/gruene-kreistag-rnk.de\/wp-content\/uploads\/2026\/04\/260428_Haerdle_Rednerpult_Kreistag.jpeg","contentUrl":"https:\/\/gruene-kreistag-rnk.de\/wp-content\/uploads\/2026\/04\/260428_Haerdle_Rednerpult_Kreistag.jpeg","width":2048,"height":1536},{"@type":"BreadcrumbList","@id":"https:\/\/gruene-kreistag-rnk.de\/index.php\/2026\/04\/30\/sitzung-des-kreistags-28-april-2026-kreistagssitzung-rede-von-adolf-haerdle-zur-steinsbergschule-in-sinsheim\/#breadcrumb","itemListElement":[{"@type":"ListItem","position":1,"name":"Startseite","item":"https:\/\/gruene-kreistag-rnk.de\/"},{"@type":"ListItem","position":2,"name":"Sitzung des Kreistags 28.April.2026 Kreistagssitzung &#8211; Rede von Adolf H\u00e4rdle zur Steinsbergschule in Sinsheim"}]},{"@type":"WebSite","@id":"https:\/\/gruene-kreistag-rnk.de\/#website","url":"https:\/\/gruene-kreistag-rnk.de\/","name":"Gr\u00fcne Kreistagsfraktion Rhein-Neckar","description":"","potentialAction":[{"@type":"SearchAction","target":{"@type":"EntryPoint","urlTemplate":"https:\/\/gruene-kreistag-rnk.de\/?s={search_term_string}"},"query-input":{"@type":"PropertyValueSpecification","valueRequired":true,"valueName":"search_term_string"}}],"inLanguage":"de"},{"@type":"Person","@id":"https:\/\/gruene-kreistag-rnk.de\/#\/schema\/person\/51fb190f10efe8983d1931ea7182ee6f","name":"Gerhard Gebhard","image":{"@type":"ImageObject","inLanguage":"de","@id":"https:\/\/secure.gravatar.com\/avatar\/6a879dc1c2d54852d557768c6bdc3bfcdb57487bdb2e3d7ea83f06e62564c62c?s=96&d=mm&r=g","url":"https:\/\/secure.gravatar.com\/avatar\/6a879dc1c2d54852d557768c6bdc3bfcdb57487bdb2e3d7ea83f06e62564c62c?s=96&d=mm&r=g","contentUrl":"https:\/\/secure.gravatar.com\/avatar\/6a879dc1c2d54852d557768c6bdc3bfcdb57487bdb2e3d7ea83f06e62564c62c?s=96&d=mm&r=g","caption":"Gerhard Gebhard"},"url":"https:\/\/gruene-kreistag-rnk.de\/index.php\/author\/gebhard\/"}]}},"_links":{"self":[{"href":"https:\/\/gruene-kreistag-rnk.de\/index.php\/wp-json\/wp\/v2\/posts\/2286","targetHints":{"allow":["GET"]}}],"collection":[{"href":"https:\/\/gruene-kreistag-rnk.de\/index.php\/wp-json\/wp\/v2\/posts"}],"about":[{"href":"https:\/\/gruene-kreistag-rnk.de\/index.php\/wp-json\/wp\/v2\/types\/post"}],"author":[{"embeddable":true,"href":"https:\/\/gruene-kreistag-rnk.de\/index.php\/wp-json\/wp\/v2\/users\/3"}],"replies":[{"embeddable":true,"href":"https:\/\/gruene-kreistag-rnk.de\/index.php\/wp-json\/wp\/v2\/comments?post=2286"}],"version-history":[{"count":2,"href":"https:\/\/gruene-kreistag-rnk.de\/index.php\/wp-json\/wp\/v2\/posts\/2286\/revisions"}],"predecessor-version":[{"id":2290,"href":"https:\/\/gruene-kreistag-rnk.de\/index.php\/wp-json\/wp\/v2\/posts\/2286\/revisions\/2290"}],"wp:featuredmedia":[{"embeddable":true,"href":"https:\/\/gruene-kreistag-rnk.de\/index.php\/wp-json\/wp\/v2\/media\/2287"}],"wp:attachment":[{"href":"https:\/\/gruene-kreistag-rnk.de\/index.php\/wp-json\/wp\/v2\/media?parent=2286"}],"wp:term":[{"taxonomy":"category","embeddable":true,"href":"https:\/\/gruene-kreistag-rnk.de\/index.php\/wp-json\/wp\/v2\/categories?post=2286"},{"taxonomy":"post_tag","embeddable":true,"href":"https:\/\/gruene-kreistag-rnk.de\/index.php\/wp-json\/wp\/v2\/tags?post=2286"}],"curies":[{"name":"wp","href":"https:\/\/api.w.org\/{rel}","templated":true}]}}