{"id":2291,"date":"2026-04-30T15:39:01","date_gmt":"2026-04-30T14:39:01","guid":{"rendered":"https:\/\/gruene-kreistag-rnk.de\/?p=2291"},"modified":"2026-04-30T15:39:02","modified_gmt":"2026-04-30T14:39:02","slug":"sitzung-des-kreistags-28-april-2026-kreistagssitzung-rede-von-ralf-fruehwirt-zur-ernennung-eines-eu-vermittler-fuer-den-rhein-neckar-kreis","status":"publish","type":"post","link":"https:\/\/gruene-kreistag-rnk.de\/index.php\/2026\/04\/30\/sitzung-des-kreistags-28-april-2026-kreistagssitzung-rede-von-ralf-fruehwirt-zur-ernennung-eines-eu-vermittler-fuer-den-rhein-neckar-kreis\/","title":{"rendered":"Sitzung des Kreistags 28.April.2026 Kreistagssitzung &#8211; Rede von Ralf Fr\u00fchwirt zur Ernennung eines EU-Vermittler f\u00fcr den Rhein-Neckar-Kreis"},"content":{"rendered":"\n<p>TOP 8 Benennung eines Mitglieds im \u201eEU Local Councillors Network<br><strong>Rede Ralf Fr\u00fchwirt<\/strong> \u2013 Fraktion B\u00fcndnis 90\/Die Gr\u00fcnen<\/p>\n\n\n\n<div style=\"height:30px\" aria-hidden=\"true\" class=\"wp-block-spacer\"><\/div>\n\n\n\n<p>Liebe Kolleg*innen, liebe Landr\u00e4te, sehr geehrte Damen und Herren,<\/p>\n\n\n\n<p>es ist mir eine ganz besondere Freude zu diesem Tagesordnungspunkt vor Ihnen stehen zu d\u00fcrfen und namens aller Fraktionen zu sprechen. Wie sie wissen, ist mir die Verbreitung des European Local Councillors Netzwerkes ein gro\u00dfes Anliegen. Wenn sich ein gro\u00dfer Kreis aus einer starken Metropolregion in der Mitte Europas diesem Netzwerk anschlie\u00dft, ist das ein gro\u00dfer Schritt.<\/p>\n\n\n\n<p>Wir merken heute, dass wir nicht nur von Freunden umgeben sind und dass die lange gehegte Vorstellung, dass die Globalisierung Konfrontationen k\u00fcnftig verhindert weil wir alle vernetzt und voneinander abh\u00e4ngig sind, sich als Illusion erweist. Wenn Gro\u00dfm\u00e4chte und solche, die sich daf\u00fcr halten wieder das Recht des St\u00e4rkeren zur Basis politischen Handelns machen, wird die Bedeutung der europ\u00e4ischen Union f\u00fcr die kleinen und mittelgro\u00dfen L\u00e4nder unseres Kontinents deutlich.<\/p>\n\n\n\n<p>Die Beziehungen zwischen den europ\u00e4ischen L\u00e4ndern m\u00fcssen sich auf wirtschaftlicher, finanzieller und politischer Ebene vertiefen, um Resilienz, Unabh\u00e4ngigkeit und eine friedliche Zukunft zu sichern, sowie die europ\u00e4ischen Werte der Aufkl\u00e4ung und einer liberalen Demokratie zu bewahren.<\/p>\n\n\n\n<p>Die B\u00fcrger*innen der europ\u00e4ischen Union wollen das, das haben wir gerade bei der j\u00fcngsten Wahl in Ungarn gesehen, wo ein Europafeind trotz aller Startvorteile krachend abgew\u00e4hlt wurde. Trotzdem herrscht in der Bev\u00f6lkerung immer noch ein Informationsdefizit aus dem sich manchmal schr\u00e4ge Vorstellungen \u00fcber die EU ergeben, die dann von Populisten gerne genutzt werden.<\/p>\n\n\n\n<p>Dass die Menschen in der Union diese Informationen einfordern und dar\u00fcber hinaus auch den Dialog mit den europ\u00e4ischen Institutionen hat die EU Zukunftskonferenz, bei der von M\u00e4rz 2021 bis Dezember 2022 650 000 europ\u00e4ische B\u00fcrger*innen \u00fcber die Zukunft Europas diskutierten, bewiesen. Ein Ausfluss dieser Konferenz ist das Netzwerk der europ\u00e4ischen Kommunalen R\u00e4te.<\/p>\n\n\n\n<p>Auch die europ\u00e4ischen Institutionen haben das Bed\u00fcrfnis nach Information und Austausch auf lokaler und individueller Ebene erkannt und reagieren darauf. Ich war im letzten Monat auf zwei Netzwerktreffen in Br\u00fcssel und Frankfurt, wo die EU ihre Agenda f\u00fcr die Europa Direkt Zentren f\u00fcr die n\u00e4chsten Jahre vorgestellt hat. Hier wurde ein starker Fokus auf die lokale Ebene gelegt, auch auf die Weiterentwicklung des local Councillors Netzwerk, dem mittlerweile weit \u00fcber 3000 R\u00e4t*innen \u00fcber alle 27 EU Staaten angeh\u00f6ren.<\/p>\n\n\n\n<p>Die gew\u00e4hlten Europar\u00e4te haben einen privilegierten Zugang zu Informationen aus der EU und zu anderen R\u00e4t*innen, \u00fcber eine spezielle Austauschwebseite, \u00fcber regelm\u00e4\u00dfige webinare, \u00fcber Netzwerktreffen. Dar\u00fcber k\u00f6nnen sie auch Ideen, W\u00fcnsche und Kritik aus der kommunalen Ebene in Richtung der EU transportieren. Nach der Wahl stellt die EU keine Anspr\u00fcche an den Gew\u00e4hlten, dass bedeutet, dass man in der Ausf\u00fchrung seines Amtes sehr frei ist. Das hei\u00dft auch, dass es auf Eigeninitiative, Kreativit\u00e4t und Zusammenarbeit mit anderen ankommt, um im Kreis wirksam zu sein.<\/p>\n\n\n\n<p>Der Rhein-Neckar Kreis hat daf\u00fcr viele Ansatzpunkte. Zum Beispiel unsere Berufsschulzentren oder unser kulturelles Engagement. Und von den 54 Kreiskommunen haben bisher nur zwei einen eigenen Europa Gemeinderat, auch hier gibt es noch viel zu beackern. Das ist an dieser Stelle auch ein kleiner Appell an alle Kreisr\u00e4t*innen, und insbesondere die Rathauschefs unter uns auch in ihrem Gemeinderat Werbung f\u00fcr den EU Gemeinderat zu machen. Es ist ein sch\u00f6nes, spannendes Amt, das einem den Blick auf Kommunen in ganz Europa bietet und unseren Kreis Europa n\u00e4her bringt.<\/p>\n\n\n\n<p>Daher freue ich mich Herrn Till in der Riege der EU Local Councillors begr\u00fc\u00dfen zu d\u00fcrfen. Ich freue mich auf den Austausch und am Ende der Wahlperiode auf eine lange Liste von Initiativen in seinem T\u00e4tigkeitsbericht.<\/p>\n\n\n\n<p>Bevor ich zum Schluss komme noch eine kleine Anmerkung zum Geld. Ich habe weiter oben schon angemerkt, dass es ein Informationsdefizit und manchmal schr\u00e4ge Vorstellungen gibt. Das betrifft auch die EU Gemeinder\u00e4te. Ich wurde schon angesprochen, ob ich ein B\u00fcro in Br\u00fcssel habe, und ob ich als EU Rat genauso viel verdiene wie ein Europaabgeordneter. Nein, es gibt kein B\u00fcro und es ist ein reines Ehrenamt ohne Aufwandsentsch\u00e4digung. Und auch f\u00fcr die beteiligten Kommunen und Kreise entstehen grunds\u00e4tzlich keine Kosten aus der Teilnahme.<\/p>\n\n\n\n<p>Mit jetzt drei EU R\u00e4t*innen in unserem Kreis befinden wir uns in Deutschland in der Spitzengruppe und das sollte auch unser Anspruch als Rhein-Neckar Kreis sein. Ich bin sehr zuversichtlich, dass wir daraus etwas Positives f\u00fcr den Kreis und f\u00fcr Europa machen.<\/p>\n\n\n\n<p>Danke f\u00fcr ihre Aufmerksamkeit<\/p>\n\n\n\n<p>Ralf Fr\u00fchwirt  Heddesheim, 28. April 2026 <\/p>\n\n\n\n<p><\/p>\n","protected":false},"excerpt":{"rendered":"<p>TOP 8 Benennung eines Mitglieds im \u201eEU Local Councillors NetworkRede Ralf Fr\u00fchwirt \u2013 Fraktion B\u00fcndnis 90\/Die Gr\u00fcnen Liebe Kolleg*innen, liebe Landr\u00e4te, sehr geehrte Damen und Herren, es ist mir eine [&hellip;]<\/p>\n","protected":false},"author":-1,"featured_media":2232,"comment_status":"open","ping_status":"open","sticky":false,"template":"","format":"standard","meta":{"footnotes":""},"categories":[1],"tags":[],"class_list":["post-2291","post","type-post","status-publish","format-standard","has-post-thumbnail","hentry","category-uncategorized"],"yoast_head":"<!-- This site is optimized with the Yoast SEO plugin v27.5 - https:\/\/yoast.com\/product\/yoast-seo-wordpress\/ -->\n<title>Sitzung des Kreistags 28.April.2026 Kreistagssitzung - Rede von Ralf Fr\u00fchwirt zur Ernennung eines EU-Vermittler f\u00fcr den Rhein-Neckar-Kreis - Gr\u00fcne Kreistagsfraktion Rhein-Neckar<\/title>\n<meta name=\"robots\" content=\"index, follow, max-snippet:-1, max-image-preview:large, max-video-preview:-1\" \/>\n<link rel=\"canonical\" href=\"https:\/\/gruene-kreistag-rnk.de\/index.php\/2026\/04\/30\/sitzung-des-kreistags-28-april-2026-kreistagssitzung-rede-von-ralf-fruehwirt-zur-ernennung-eines-eu-vermittler-fuer-den-rhein-neckar-kreis\/\" \/>\n<meta property=\"og:locale\" content=\"de_DE\" \/>\n<meta property=\"og:type\" content=\"article\" \/>\n<meta property=\"og:title\" content=\"Sitzung des Kreistags 28.April.2026 Kreistagssitzung - Rede von Ralf Fr\u00fchwirt zur Ernennung eines EU-Vermittler f\u00fcr den Rhein-Neckar-Kreis - Gr\u00fcne Kreistagsfraktion Rhein-Neckar\" \/>\n<meta property=\"og:description\" content=\"TOP 8 Benennung eines Mitglieds im \u201eEU Local Councillors NetworkRede Ralf Fr\u00fchwirt \u2013 Fraktion B\u00fcndnis 90\/Die Gr\u00fcnen Liebe Kolleg*innen, liebe Landr\u00e4te, sehr geehrte Damen und Herren, es ist mir eine [&hellip;]\" \/>\n<meta property=\"og:url\" content=\"https:\/\/gruene-kreistag-rnk.de\/index.php\/2026\/04\/30\/sitzung-des-kreistags-28-april-2026-kreistagssitzung-rede-von-ralf-fruehwirt-zur-ernennung-eines-eu-vermittler-fuer-den-rhein-neckar-kreis\/\" \/>\n<meta property=\"og:site_name\" content=\"Gr\u00fcne Kreistagsfraktion Rhein-Neckar\" \/>\n<meta property=\"article:published_time\" content=\"2026-04-30T14:39:01+00:00\" \/>\n<meta property=\"article:modified_time\" content=\"2026-04-30T14:39:02+00:00\" \/>\n<meta property=\"og:image\" content=\"https:\/\/gruene-kreistag-rnk.de\/wp-content\/uploads\/2026\/02\/ralf-bei-landrat-bewerbungsrede-2026Feb.jpeg\" \/>\n\t<meta property=\"og:image:width\" content=\"2048\" \/>\n\t<meta property=\"og:image:height\" content=\"1536\" \/>\n\t<meta property=\"og:image:type\" content=\"image\/jpeg\" \/>\n<meta name=\"author\" content=\"Gerhard Gebhard\" \/>\n<meta name=\"twitter:card\" content=\"summary_large_image\" \/>\n<meta name=\"twitter:label1\" content=\"Verfasst von\" \/>\n\t<meta name=\"twitter:data1\" content=\"Gerhard Gebhard\" \/>\n\t<meta name=\"twitter:label2\" content=\"Gesch\u00e4tzte Lesezeit\" \/>\n\t<meta name=\"twitter:data2\" content=\"5\u00a0Minuten\" \/>\n<script type=\"application\/ld+json\" class=\"yoast-schema-graph\">{\"@context\":\"https:\\\/\\\/schema.org\",\"@graph\":[{\"@type\":\"Article\",\"@id\":\"https:\\\/\\\/gruene-kreistag-rnk.de\\\/index.php\\\/2026\\\/04\\\/30\\\/sitzung-des-kreistags-28-april-2026-kreistagssitzung-rede-von-ralf-fruehwirt-zur-ernennung-eines-eu-vermittler-fuer-den-rhein-neckar-kreis\\\/#article\",\"isPartOf\":{\"@id\":\"https:\\\/\\\/gruene-kreistag-rnk.de\\\/index.php\\\/2026\\\/04\\\/30\\\/sitzung-des-kreistags-28-april-2026-kreistagssitzung-rede-von-ralf-fruehwirt-zur-ernennung-eines-eu-vermittler-fuer-den-rhein-neckar-kreis\\\/\"},\"author\":{\"name\":\"Gerhard Gebhard\",\"@id\":\"https:\\\/\\\/gruene-kreistag-rnk.de\\\/#\\\/schema\\\/person\\\/51fb190f10efe8983d1931ea7182ee6f\"},\"headline\":\"Sitzung des Kreistags 28.April.2026 Kreistagssitzung &#8211; Rede von Ralf Fr\u00fchwirt zur Ernennung eines EU-Vermittler f\u00fcr den Rhein-Neckar-Kreis\",\"datePublished\":\"2026-04-30T14:39:01+00:00\",\"dateModified\":\"2026-04-30T14:39:02+00:00\",\"mainEntityOfPage\":{\"@id\":\"https:\\\/\\\/gruene-kreistag-rnk.de\\\/index.php\\\/2026\\\/04\\\/30\\\/sitzung-des-kreistags-28-april-2026-kreistagssitzung-rede-von-ralf-fruehwirt-zur-ernennung-eines-eu-vermittler-fuer-den-rhein-neckar-kreis\\\/\"},\"wordCount\":807,\"commentCount\":0,\"image\":{\"@id\":\"https:\\\/\\\/gruene-kreistag-rnk.de\\\/index.php\\\/2026\\\/04\\\/30\\\/sitzung-des-kreistags-28-april-2026-kreistagssitzung-rede-von-ralf-fruehwirt-zur-ernennung-eines-eu-vermittler-fuer-den-rhein-neckar-kreis\\\/#primaryimage\"},\"thumbnailUrl\":\"https:\\\/\\\/gruene-kreistag-rnk.de\\\/wp-content\\\/uploads\\\/2026\\\/02\\\/ralf-bei-landrat-bewerbungsrede-2026Feb.jpeg\",\"articleSection\":[\"Sonstiges\"],\"inLanguage\":\"de\",\"potentialAction\":[{\"@type\":\"CommentAction\",\"name\":\"Comment\",\"target\":[\"https:\\\/\\\/gruene-kreistag-rnk.de\\\/index.php\\\/2026\\\/04\\\/30\\\/sitzung-des-kreistags-28-april-2026-kreistagssitzung-rede-von-ralf-fruehwirt-zur-ernennung-eines-eu-vermittler-fuer-den-rhein-neckar-kreis\\\/#respond\"]}]},{\"@type\":\"WebPage\",\"@id\":\"https:\\\/\\\/gruene-kreistag-rnk.de\\\/index.php\\\/2026\\\/04\\\/30\\\/sitzung-des-kreistags-28-april-2026-kreistagssitzung-rede-von-ralf-fruehwirt-zur-ernennung-eines-eu-vermittler-fuer-den-rhein-neckar-kreis\\\/\",\"url\":\"https:\\\/\\\/gruene-kreistag-rnk.de\\\/index.php\\\/2026\\\/04\\\/30\\\/sitzung-des-kreistags-28-april-2026-kreistagssitzung-rede-von-ralf-fruehwirt-zur-ernennung-eines-eu-vermittler-fuer-den-rhein-neckar-kreis\\\/\",\"name\":\"Sitzung des Kreistags 28.April.2026 Kreistagssitzung - Rede von Ralf Fr\u00fchwirt zur Ernennung eines EU-Vermittler f\u00fcr den Rhein-Neckar-Kreis - Gr\u00fcne Kreistagsfraktion Rhein-Neckar\",\"isPartOf\":{\"@id\":\"https:\\\/\\\/gruene-kreistag-rnk.de\\\/#website\"},\"primaryImageOfPage\":{\"@id\":\"https:\\\/\\\/gruene-kreistag-rnk.de\\\/index.php\\\/2026\\\/04\\\/30\\\/sitzung-des-kreistags-28-april-2026-kreistagssitzung-rede-von-ralf-fruehwirt-zur-ernennung-eines-eu-vermittler-fuer-den-rhein-neckar-kreis\\\/#primaryimage\"},\"image\":{\"@id\":\"https:\\\/\\\/gruene-kreistag-rnk.de\\\/index.php\\\/2026\\\/04\\\/30\\\/sitzung-des-kreistags-28-april-2026-kreistagssitzung-rede-von-ralf-fruehwirt-zur-ernennung-eines-eu-vermittler-fuer-den-rhein-neckar-kreis\\\/#primaryimage\"},\"thumbnailUrl\":\"https:\\\/\\\/gruene-kreistag-rnk.de\\\/wp-content\\\/uploads\\\/2026\\\/02\\\/ralf-bei-landrat-bewerbungsrede-2026Feb.jpeg\",\"datePublished\":\"2026-04-30T14:39:01+00:00\",\"dateModified\":\"2026-04-30T14:39:02+00:00\",\"author\":{\"@id\":\"https:\\\/\\\/gruene-kreistag-rnk.de\\\/#\\\/schema\\\/person\\\/51fb190f10efe8983d1931ea7182ee6f\"},\"breadcrumb\":{\"@id\":\"https:\\\/\\\/gruene-kreistag-rnk.de\\\/index.php\\\/2026\\\/04\\\/30\\\/sitzung-des-kreistags-28-april-2026-kreistagssitzung-rede-von-ralf-fruehwirt-zur-ernennung-eines-eu-vermittler-fuer-den-rhein-neckar-kreis\\\/#breadcrumb\"},\"inLanguage\":\"de\",\"potentialAction\":[{\"@type\":\"ReadAction\",\"target\":[\"https:\\\/\\\/gruene-kreistag-rnk.de\\\/index.php\\\/2026\\\/04\\\/30\\\/sitzung-des-kreistags-28-april-2026-kreistagssitzung-rede-von-ralf-fruehwirt-zur-ernennung-eines-eu-vermittler-fuer-den-rhein-neckar-kreis\\\/\"]}]},{\"@type\":\"ImageObject\",\"inLanguage\":\"de\",\"@id\":\"https:\\\/\\\/gruene-kreistag-rnk.de\\\/index.php\\\/2026\\\/04\\\/30\\\/sitzung-des-kreistags-28-april-2026-kreistagssitzung-rede-von-ralf-fruehwirt-zur-ernennung-eines-eu-vermittler-fuer-den-rhein-neckar-kreis\\\/#primaryimage\",\"url\":\"https:\\\/\\\/gruene-kreistag-rnk.de\\\/wp-content\\\/uploads\\\/2026\\\/02\\\/ralf-bei-landrat-bewerbungsrede-2026Feb.jpeg\",\"contentUrl\":\"https:\\\/\\\/gruene-kreistag-rnk.de\\\/wp-content\\\/uploads\\\/2026\\\/02\\\/ralf-bei-landrat-bewerbungsrede-2026Feb.jpeg\",\"width\":2048,\"height\":1536},{\"@type\":\"BreadcrumbList\",\"@id\":\"https:\\\/\\\/gruene-kreistag-rnk.de\\\/index.php\\\/2026\\\/04\\\/30\\\/sitzung-des-kreistags-28-april-2026-kreistagssitzung-rede-von-ralf-fruehwirt-zur-ernennung-eines-eu-vermittler-fuer-den-rhein-neckar-kreis\\\/#breadcrumb\",\"itemListElement\":[{\"@type\":\"ListItem\",\"position\":1,\"name\":\"Startseite\",\"item\":\"https:\\\/\\\/gruene-kreistag-rnk.de\\\/\"},{\"@type\":\"ListItem\",\"position\":2,\"name\":\"Sitzung des Kreistags 28.April.2026 Kreistagssitzung &#8211; Rede von Ralf Fr\u00fchwirt zur Ernennung eines EU-Vermittler f\u00fcr den Rhein-Neckar-Kreis\"}]},{\"@type\":\"WebSite\",\"@id\":\"https:\\\/\\\/gruene-kreistag-rnk.de\\\/#website\",\"url\":\"https:\\\/\\\/gruene-kreistag-rnk.de\\\/\",\"name\":\"Gr\u00fcne Kreistagsfraktion Rhein-Neckar\",\"description\":\"\",\"potentialAction\":[{\"@type\":\"SearchAction\",\"target\":{\"@type\":\"EntryPoint\",\"urlTemplate\":\"https:\\\/\\\/gruene-kreistag-rnk.de\\\/?s={search_term_string}\"},\"query-input\":{\"@type\":\"PropertyValueSpecification\",\"valueRequired\":true,\"valueName\":\"search_term_string\"}}],\"inLanguage\":\"de\"},{\"@type\":\"Person\",\"@id\":\"https:\\\/\\\/gruene-kreistag-rnk.de\\\/#\\\/schema\\\/person\\\/51fb190f10efe8983d1931ea7182ee6f\",\"name\":\"Gerhard Gebhard\",\"image\":{\"@type\":\"ImageObject\",\"inLanguage\":\"de\",\"@id\":\"https:\\\/\\\/secure.gravatar.com\\\/avatar\\\/6a879dc1c2d54852d557768c6bdc3bfcdb57487bdb2e3d7ea83f06e62564c62c?s=96&d=mm&r=g\",\"url\":\"https:\\\/\\\/secure.gravatar.com\\\/avatar\\\/6a879dc1c2d54852d557768c6bdc3bfcdb57487bdb2e3d7ea83f06e62564c62c?s=96&d=mm&r=g\",\"contentUrl\":\"https:\\\/\\\/secure.gravatar.com\\\/avatar\\\/6a879dc1c2d54852d557768c6bdc3bfcdb57487bdb2e3d7ea83f06e62564c62c?s=96&d=mm&r=g\",\"caption\":\"Gerhard Gebhard\"},\"url\":\"https:\\\/\\\/gruene-kreistag-rnk.de\\\/index.php\\\/author\\\/gebhard\\\/\"}]}<\/script>\n<!-- \/ Yoast SEO plugin. -->","yoast_head_json":{"title":"Sitzung des Kreistags 28.April.2026 Kreistagssitzung - Rede von Ralf Fr\u00fchwirt zur Ernennung eines EU-Vermittler f\u00fcr den Rhein-Neckar-Kreis - Gr\u00fcne Kreistagsfraktion Rhein-Neckar","robots":{"index":"index","follow":"follow","max-snippet":"max-snippet:-1","max-image-preview":"max-image-preview:large","max-video-preview":"max-video-preview:-1"},"canonical":"https:\/\/gruene-kreistag-rnk.de\/index.php\/2026\/04\/30\/sitzung-des-kreistags-28-april-2026-kreistagssitzung-rede-von-ralf-fruehwirt-zur-ernennung-eines-eu-vermittler-fuer-den-rhein-neckar-kreis\/","og_locale":"de_DE","og_type":"article","og_title":"Sitzung des Kreistags 28.April.2026 Kreistagssitzung - Rede von Ralf Fr\u00fchwirt zur Ernennung eines EU-Vermittler f\u00fcr den Rhein-Neckar-Kreis - Gr\u00fcne Kreistagsfraktion Rhein-Neckar","og_description":"TOP 8 Benennung eines Mitglieds im \u201eEU Local Councillors NetworkRede Ralf Fr\u00fchwirt \u2013 Fraktion B\u00fcndnis 90\/Die Gr\u00fcnen Liebe Kolleg*innen, liebe Landr\u00e4te, sehr geehrte Damen und Herren, es ist mir eine [&hellip;]","og_url":"https:\/\/gruene-kreistag-rnk.de\/index.php\/2026\/04\/30\/sitzung-des-kreistags-28-april-2026-kreistagssitzung-rede-von-ralf-fruehwirt-zur-ernennung-eines-eu-vermittler-fuer-den-rhein-neckar-kreis\/","og_site_name":"Gr\u00fcne Kreistagsfraktion Rhein-Neckar","article_published_time":"2026-04-30T14:39:01+00:00","article_modified_time":"2026-04-30T14:39:02+00:00","og_image":[{"width":2048,"height":1536,"url":"https:\/\/gruene-kreistag-rnk.de\/wp-content\/uploads\/2026\/02\/ralf-bei-landrat-bewerbungsrede-2026Feb.jpeg","type":"image\/jpeg"}],"author":"Gerhard Gebhard","twitter_card":"summary_large_image","twitter_misc":{"Verfasst von":"Gerhard Gebhard","Gesch\u00e4tzte Lesezeit":"5\u00a0Minuten"},"schema":{"@context":"https:\/\/schema.org","@graph":[{"@type":"Article","@id":"https:\/\/gruene-kreistag-rnk.de\/index.php\/2026\/04\/30\/sitzung-des-kreistags-28-april-2026-kreistagssitzung-rede-von-ralf-fruehwirt-zur-ernennung-eines-eu-vermittler-fuer-den-rhein-neckar-kreis\/#article","isPartOf":{"@id":"https:\/\/gruene-kreistag-rnk.de\/index.php\/2026\/04\/30\/sitzung-des-kreistags-28-april-2026-kreistagssitzung-rede-von-ralf-fruehwirt-zur-ernennung-eines-eu-vermittler-fuer-den-rhein-neckar-kreis\/"},"author":{"name":"Gerhard Gebhard","@id":"https:\/\/gruene-kreistag-rnk.de\/#\/schema\/person\/51fb190f10efe8983d1931ea7182ee6f"},"headline":"Sitzung des Kreistags 28.April.2026 Kreistagssitzung &#8211; Rede von Ralf Fr\u00fchwirt zur Ernennung eines EU-Vermittler f\u00fcr den Rhein-Neckar-Kreis","datePublished":"2026-04-30T14:39:01+00:00","dateModified":"2026-04-30T14:39:02+00:00","mainEntityOfPage":{"@id":"https:\/\/gruene-kreistag-rnk.de\/index.php\/2026\/04\/30\/sitzung-des-kreistags-28-april-2026-kreistagssitzung-rede-von-ralf-fruehwirt-zur-ernennung-eines-eu-vermittler-fuer-den-rhein-neckar-kreis\/"},"wordCount":807,"commentCount":0,"image":{"@id":"https:\/\/gruene-kreistag-rnk.de\/index.php\/2026\/04\/30\/sitzung-des-kreistags-28-april-2026-kreistagssitzung-rede-von-ralf-fruehwirt-zur-ernennung-eines-eu-vermittler-fuer-den-rhein-neckar-kreis\/#primaryimage"},"thumbnailUrl":"https:\/\/gruene-kreistag-rnk.de\/wp-content\/uploads\/2026\/02\/ralf-bei-landrat-bewerbungsrede-2026Feb.jpeg","articleSection":["Sonstiges"],"inLanguage":"de","potentialAction":[{"@type":"CommentAction","name":"Comment","target":["https:\/\/gruene-kreistag-rnk.de\/index.php\/2026\/04\/30\/sitzung-des-kreistags-28-april-2026-kreistagssitzung-rede-von-ralf-fruehwirt-zur-ernennung-eines-eu-vermittler-fuer-den-rhein-neckar-kreis\/#respond"]}]},{"@type":"WebPage","@id":"https:\/\/gruene-kreistag-rnk.de\/index.php\/2026\/04\/30\/sitzung-des-kreistags-28-april-2026-kreistagssitzung-rede-von-ralf-fruehwirt-zur-ernennung-eines-eu-vermittler-fuer-den-rhein-neckar-kreis\/","url":"https:\/\/gruene-kreistag-rnk.de\/index.php\/2026\/04\/30\/sitzung-des-kreistags-28-april-2026-kreistagssitzung-rede-von-ralf-fruehwirt-zur-ernennung-eines-eu-vermittler-fuer-den-rhein-neckar-kreis\/","name":"Sitzung des Kreistags 28.April.2026 Kreistagssitzung - Rede von Ralf Fr\u00fchwirt zur Ernennung eines EU-Vermittler f\u00fcr den Rhein-Neckar-Kreis - Gr\u00fcne Kreistagsfraktion Rhein-Neckar","isPartOf":{"@id":"https:\/\/gruene-kreistag-rnk.de\/#website"},"primaryImageOfPage":{"@id":"https:\/\/gruene-kreistag-rnk.de\/index.php\/2026\/04\/30\/sitzung-des-kreistags-28-april-2026-kreistagssitzung-rede-von-ralf-fruehwirt-zur-ernennung-eines-eu-vermittler-fuer-den-rhein-neckar-kreis\/#primaryimage"},"image":{"@id":"https:\/\/gruene-kreistag-rnk.de\/index.php\/2026\/04\/30\/sitzung-des-kreistags-28-april-2026-kreistagssitzung-rede-von-ralf-fruehwirt-zur-ernennung-eines-eu-vermittler-fuer-den-rhein-neckar-kreis\/#primaryimage"},"thumbnailUrl":"https:\/\/gruene-kreistag-rnk.de\/wp-content\/uploads\/2026\/02\/ralf-bei-landrat-bewerbungsrede-2026Feb.jpeg","datePublished":"2026-04-30T14:39:01+00:00","dateModified":"2026-04-30T14:39:02+00:00","author":{"@id":"https:\/\/gruene-kreistag-rnk.de\/#\/schema\/person\/51fb190f10efe8983d1931ea7182ee6f"},"breadcrumb":{"@id":"https:\/\/gruene-kreistag-rnk.de\/index.php\/2026\/04\/30\/sitzung-des-kreistags-28-april-2026-kreistagssitzung-rede-von-ralf-fruehwirt-zur-ernennung-eines-eu-vermittler-fuer-den-rhein-neckar-kreis\/#breadcrumb"},"inLanguage":"de","potentialAction":[{"@type":"ReadAction","target":["https:\/\/gruene-kreistag-rnk.de\/index.php\/2026\/04\/30\/sitzung-des-kreistags-28-april-2026-kreistagssitzung-rede-von-ralf-fruehwirt-zur-ernennung-eines-eu-vermittler-fuer-den-rhein-neckar-kreis\/"]}]},{"@type":"ImageObject","inLanguage":"de","@id":"https:\/\/gruene-kreistag-rnk.de\/index.php\/2026\/04\/30\/sitzung-des-kreistags-28-april-2026-kreistagssitzung-rede-von-ralf-fruehwirt-zur-ernennung-eines-eu-vermittler-fuer-den-rhein-neckar-kreis\/#primaryimage","url":"https:\/\/gruene-kreistag-rnk.de\/wp-content\/uploads\/2026\/02\/ralf-bei-landrat-bewerbungsrede-2026Feb.jpeg","contentUrl":"https:\/\/gruene-kreistag-rnk.de\/wp-content\/uploads\/2026\/02\/ralf-bei-landrat-bewerbungsrede-2026Feb.jpeg","width":2048,"height":1536},{"@type":"BreadcrumbList","@id":"https:\/\/gruene-kreistag-rnk.de\/index.php\/2026\/04\/30\/sitzung-des-kreistags-28-april-2026-kreistagssitzung-rede-von-ralf-fruehwirt-zur-ernennung-eines-eu-vermittler-fuer-den-rhein-neckar-kreis\/#breadcrumb","itemListElement":[{"@type":"ListItem","position":1,"name":"Startseite","item":"https:\/\/gruene-kreistag-rnk.de\/"},{"@type":"ListItem","position":2,"name":"Sitzung des Kreistags 28.April.2026 Kreistagssitzung &#8211; Rede von Ralf Fr\u00fchwirt zur Ernennung eines EU-Vermittler f\u00fcr den Rhein-Neckar-Kreis"}]},{"@type":"WebSite","@id":"https:\/\/gruene-kreistag-rnk.de\/#website","url":"https:\/\/gruene-kreistag-rnk.de\/","name":"Gr\u00fcne Kreistagsfraktion Rhein-Neckar","description":"","potentialAction":[{"@type":"SearchAction","target":{"@type":"EntryPoint","urlTemplate":"https:\/\/gruene-kreistag-rnk.de\/?s={search_term_string}"},"query-input":{"@type":"PropertyValueSpecification","valueRequired":true,"valueName":"search_term_string"}}],"inLanguage":"de"},{"@type":"Person","@id":"https:\/\/gruene-kreistag-rnk.de\/#\/schema\/person\/51fb190f10efe8983d1931ea7182ee6f","name":"Gerhard Gebhard","image":{"@type":"ImageObject","inLanguage":"de","@id":"https:\/\/secure.gravatar.com\/avatar\/6a879dc1c2d54852d557768c6bdc3bfcdb57487bdb2e3d7ea83f06e62564c62c?s=96&d=mm&r=g","url":"https:\/\/secure.gravatar.com\/avatar\/6a879dc1c2d54852d557768c6bdc3bfcdb57487bdb2e3d7ea83f06e62564c62c?s=96&d=mm&r=g","contentUrl":"https:\/\/secure.gravatar.com\/avatar\/6a879dc1c2d54852d557768c6bdc3bfcdb57487bdb2e3d7ea83f06e62564c62c?s=96&d=mm&r=g","caption":"Gerhard Gebhard"},"url":"https:\/\/gruene-kreistag-rnk.de\/index.php\/author\/gebhard\/"}]}},"_links":{"self":[{"href":"https:\/\/gruene-kreistag-rnk.de\/index.php\/wp-json\/wp\/v2\/posts\/2291","targetHints":{"allow":["GET"]}}],"collection":[{"href":"https:\/\/gruene-kreistag-rnk.de\/index.php\/wp-json\/wp\/v2\/posts"}],"about":[{"href":"https:\/\/gruene-kreistag-rnk.de\/index.php\/wp-json\/wp\/v2\/types\/post"}],"author":[{"embeddable":true,"href":"https:\/\/gruene-kreistag-rnk.de\/index.php\/wp-json\/wp\/v2\/users\/3"}],"replies":[{"embeddable":true,"href":"https:\/\/gruene-kreistag-rnk.de\/index.php\/wp-json\/wp\/v2\/comments?post=2291"}],"version-history":[{"count":1,"href":"https:\/\/gruene-kreistag-rnk.de\/index.php\/wp-json\/wp\/v2\/posts\/2291\/revisions"}],"predecessor-version":[{"id":2292,"href":"https:\/\/gruene-kreistag-rnk.de\/index.php\/wp-json\/wp\/v2\/posts\/2291\/revisions\/2292"}],"wp:featuredmedia":[{"embeddable":true,"href":"https:\/\/gruene-kreistag-rnk.de\/index.php\/wp-json\/wp\/v2\/media\/2232"}],"wp:attachment":[{"href":"https:\/\/gruene-kreistag-rnk.de\/index.php\/wp-json\/wp\/v2\/media?parent=2291"}],"wp:term":[{"taxonomy":"category","embeddable":true,"href":"https:\/\/gruene-kreistag-rnk.de\/index.php\/wp-json\/wp\/v2\/categories?post=2291"},{"taxonomy":"post_tag","embeddable":true,"href":"https:\/\/gruene-kreistag-rnk.de\/index.php\/wp-json\/wp\/v2\/tags?post=2291"}],"curies":[{"name":"wp","href":"https:\/\/api.w.org\/{rel}","templated":true}]}}